{"id":50710,"date":"2026-01-26T18:07:00","date_gmt":"2026-01-26T17:07:00","guid":{"rendered":"https:\/\/www.radioribelle.it\/?p=50710"},"modified":"2026-01-25T10:54:46","modified_gmt":"2026-01-25T09:54:46","slug":"le-stanze-dellopera","status":"publish","type":"post","link":"https:\/\/www.radioribelle.it\/index.php\/2026\/01\/26\/le-stanze-dellopera\/","title":{"rendered":"Le Stanze dell\u2019Opera"},"content":{"rendered":"\n<div class=\"wp-block-image\"><figure class=\"alignleft size-large is-resized\"><img loading=\"lazy\" src=\"https:\/\/www.radioribelle.it\/wp-content\/uploads\/2026\/01\/Rigoletto_Mario-Cassi-822x1024.jpg\" alt=\"\" class=\"wp-image-50711\" width=\"200\" height=\"249\" srcset=\"https:\/\/www.radioribelle.it\/wp-content\/uploads\/2026\/01\/Rigoletto_Mario-Cassi-822x1024.jpg 822w, https:\/\/www.radioribelle.it\/wp-content\/uploads\/2026\/01\/Rigoletto_Mario-Cassi-241x300.jpg 241w, https:\/\/www.radioribelle.it\/wp-content\/uploads\/2026\/01\/Rigoletto_Mario-Cassi-768x957.jpg 768w, https:\/\/www.radioribelle.it\/wp-content\/uploads\/2026\/01\/Rigoletto_Mario-Cassi-1233x1536.jpg 1233w, https:\/\/www.radioribelle.it\/wp-content\/uploads\/2026\/01\/Rigoletto_Mario-Cassi-619x771.jpg 619w, https:\/\/www.radioribelle.it\/wp-content\/uploads\/2026\/01\/Rigoletto_Mario-Cassi.jpg 1290w\" sizes=\"(max-width: 200px) 100vw, 200px\" \/><\/figure><\/div>\n\n\n\n<p><strong><br><\/strong>Ad Arezzo debutta la nuova produzione de \u201cLe Stanze dell\u2019Opera\u201d con Mario Cassi e sedici giovani promesse, selezionate tra tante. La regia \u00e8 di Manu Lalli<\/p>\n\n\n\n<p>Un Rigoletto per le nuove generazioni, auspicando una nuova umanit\u00e0<\/p>\n\n\n\n<p><em>Venerd\u00ec 6 febbraio ore 20.00 e domenica 8 febbraio ore 17.00 al Teatro Petrarca\u00a0la messa in scena del rivoluzionario capolavoro verdiano, che scava nell\u2019ambiguit\u00e0 dell\u2019animo umano. <\/em><\/p>\n\n\n\n<!--more-->\n\n\n\n<p><em>Una co-produzione tra\u00a0Fondazione Guido d\u2019Arezzo e Venti Lucenti\u00a0con la regia di\u00a0Manu Lalli, l\u2019allestimento del Teatro Maggio Musicale Fiorentino, l\u2019Orchestra diretta da<\/em>l maestro\u00a0Fabrizio Maria Carminati.\u00a0<em>Due cast differenti nelle due date<\/em><\/p>\n\n\n\n<p><em>I gioielli indossati dagli artisti in scena sono opere uniche, realizzate dalle aziende aderenti a\u00a0FederOrafi<\/em> Un Duca che si finge studente, una giovane che si finge mendicante, dei cortigiani che indossano la maschera dell\u2019amabilit\u00e0. E sopra tutti: Rigoletto, il giullare del Duca. Un attore, un uomo di teatro, un burattino ridicolo ammaestrato da una societ\u00e0 crudele ad essere complice e vittima allo stesso tempo. Tuttavia Rigoletto \u00e8 anche un padre: protettivo ma incapace di ascoltare, presente ma chiuso nel silenzio. Un silenzio che diventa crepa, ferita, dramma.\u00a0<\/p>\n\n\n\n<p>Da quella crepa prende forma un nuovo \u201cRigoletto\u201d: la celebre opera in tre atti di Giuseppe Verdi, nella nuova\u00a0co-produzione tra Venti Lucenti e Fondazione Guido d\u2019Arezzo, debutter\u00e0\u00a0venerd\u00ec 6 febbraio e domenica 8 febbraio al Teatro Petrarca di Arezzo\u00a0(via Guido Monaco 12).\u00a0Uno spettacolo con e per le nuove generazioni, il cui messaggio auspica una nuova umanit\u00e0,\u00a0frutto del progetto\u00a0\u201cLe Stanze\u00a0dell\u2019Opera\u201d,\u00a0la scuola per cantanti lirici e musicisti voluta e diretta dal\u00a0baritono di fama internazionale\u00a0Mario Cassi\u00a0(Cavaliere della Repubblica Italiana all\u2019Ordine del Merito per i successi in campo artistico e l\u2019impegno sociale, ospite regolare di prestigiosi teatri, e collaborazioni con direttori quali\u00a0Riccardo Muti, Daniel Oren, Renato Palumbo).\u00a0<\/p>\n\n\n\n<p>In questa produzione, per la regia di\u00a0Manu Lalli,\u00a0Cassi interpreter\u00e0 proprio il complesso personaggio di Rigoletto. Giuseppe Gipali\u00a0sar\u00e0 il\u00a0Duca di Mantova\u00a0(un artista ormai rinomato, che ha gi\u00e0 lavorato con giganti quali\u00a0Daniele Gatti, Riccardo Muti, Zubin Mehta e ha cantato nel Rigoletto\u00a0al\u00a0Teatro\u00a0Alla Scala diretto Chailly), mentre gli altri ruoli sono interpretati da sedici allievi selezionatissimi de \u201cLe Stanze dell\u2019Opera\u201d.<br>Le scene sono di Daniele Leone, l\u2019allestimento del Teatro del Maggio Musicale Fiorentino. Alla guida dell\u2019Orchestra Le Stanze dell\u2019Opera, il maestro\u00a0Fabrizio Maria Carminati, con il Coro del Teatro Marrucino di Chieti\u00a0diretto dal maestro\u00a0Christian Starinieri. I costumi\u00a0sono di\u00a0Manu Lalli e Gianna Poli, il disegno luci\u00a0di\u00a0Giuseppe Filipponio, aretino, light designer teatrale tra i pi\u00f9 richiesti nella prosa, che ha debuttato nel \u201cGianni Schicchi\u201d ad Arezzo nella lirica, mentre il coordinamento artistico \u00e8 del maestro\u00a0Luca Provenzani.<\/p>\n\n\n\n<p>Il progetto coinvolge\u00a0il distretto orafo aretino,\u00a0realt\u00e0 cardine delle eccellenze del Made in Italy che fa di Arezzo una delle capitali mondiali del settore\u00a0dell\u2019oro. Come nel \u201cGianni Schicchi\u201d, andato in scena al Teatro Petrarca di Arezzo nel 2025 per la prima edizione del progetto \u201cLe Stanze dell\u2019Opera\u201d, la potenza del melodramma italiano si unir\u00e0 con l\u2019eleganza e la creativit\u00e0 dell\u2019arte orafa: i gioielli indossati per l\u2019occasione dal cast saranno infatti opere uniche, realizzate dalle aziende aderenti a\u00a0FederOrafi (biglietti in vendita su<a rel=\"noreferrer noopener\" href=\"https:\/\/discoverarezzo.ticka.it\/dettaglio-spettacolo.php?negozio_spettacolo_id=673\" target=\"_blank\">https:\/\/discoverarezzo.ticka.it\/dettaglio-spettacolo.php?negozio_spettacolo_id=673<\/a>).<\/p>\n\n\n\n<p>Dichiara\u00a0Mario Cassi: \u201cVolevo che al Teatro Petrarca tornasse il Rigoletto, un\u2019opera significativa. Ne ricordo uno negli \u201980, quando ad interpretare il ruolo che oggi ho l\u2019onore di portare in scena fu il grande baritono Piero Cappuccilli. Quello che vedrete (con due cast diversi) ha avuto una lunga gestazione, perch\u00e9 sono convinto che i progetti\u00a0importanti abbiano bisogno di tempo se si vogliono portare avanti con amore. Il nostro non \u00e8 un lavoro museale, ma una missione culturale. Finalmente vede la luce questo Rigoletto per i giovani, con nuove voci, nuove idee, e una regia autentica e moderna, quella di Manu Lalli, dalla grande sensibilit\u00e0 e professionalit\u00e0 internazionale. Voglio sottolineare anche gli allestimenti del Maggio Musicale, l\u2019orchestra diretta da Carminati, e un intero cast fatto da giovani che durante l\u2019anno hanno lavorato con me alle Stanze dell\u2019Opera con grandissimi professionisti, da Katia Ricciarelli a Lucio Gallo, a Francisco Araiza e Sumi Jo\u201d.<\/p>\n\n\n\n<p>In \u201cRigoletto\u201d Verdi costruisce una tragedia in cui l\u2019apparenza diventa regola e la maschera strumento di sopravvivenza. Tra le opere pi\u00f9 intense e rivoluzionarie del repertorio verdiano, su libretto di Francesco Maria Piave, tratto dal dramma \u201cLe roi s\u2019amuse\u201d di Victor Hugo,mette al centro una tragedia feroce in cui nessun personaggio \u00e8 immune dal travestimento, fisico o morale, e in cui il potere si esercita attraverso la violenza, l\u2019inganno e l\u2019umiliazione.&nbsp;<\/p>\n\n\n\n<p>Aggiunge la regista\u00a0Manu Lalli: \u201cCon quest\u2019opera, ci auspichiamo un nuova via: come molti eroi verdiani, Rigoletto \u00e8 deformato da passioni oscure e da un destino che lo travolge e che, solo attraverso il dolore e la perdita potr\u00e0 ritrovare la sua umanit\u00e0. Il vecchio Rigoletto non ha saputo salvare sua figlia. Forse \u00e8 venuto il momento di ascoltare le nuove generazioni. Forse saranno proprio loro, con la loro voce, a salvare noi. E a guidarci verso un futuro di pace, di gentilezza e di perdono\u201d.<\/p>\n\n\n\n<p>Orari:\u00a0venerd\u00ec 6 febbraio ore 20.00, domenica 8 febbraio alle ore 17.00.\u00a0<\/p>\n\n\n\n<p>Mario\u00a0Cassi,\u00a0baritono, aretino classe 1973, \u00e8 Cavaliere della Repubblica Italiana all\u2019Ordine del Merito per i successi in campo artistico e l\u2019impegno sociale. Ospite dei pi\u00f9 prestigiosi teatri internazionali tra cui spiccano la Scala di Milano, l&#8217;Opera\u00a0National de Paris, l&#8217;Arena di Verona, Sidney\u00a0Opera\u00a0House, lo Sferisterio di Macerata, il\u00a0San Carlo di Napoli, il Teatro Colon di Buenos Aires, a Tokyo National\u00a0Opera, il\u00a0Maggio Musicale Fiorentino, l&#8217;Opera\u00a0di Roma, la Staatsoper di Vienna, la SemperOper di Dresda, il Gran Teatro del Liceu di Barcellona. Ha collaborato con direttori d\u2019orchestra quali Riccardo\u00a0Muti, Zubin Mehta, Daniel Oren, Renato Palumbo, Donato Renzetti, Adam Fischer,\u00a0Emmanuel Tjeknavorian, Omer Meir Wellber, Daniel Harding, Daniele Rustioni, Andrea Battistoni, Nicholas Carter, Ezio Bosso, Fabrizio Maria Carminati&#8230;.e con registi come Franco Zeffirelli, Hugo de Ana, Yannis Kokkos, Leo Muscato, Damiano Michieletto, Davide Livermore, David Mc Vicar, Carlos Saura,\u00a0Mario\u00a0Martone.<\/p>\n\n\n\n<p>Manu Lalli,\u00a0drammaturga, regista teatrale e d\u2019opera italiana, nel 1993 ha fondato a Firenze la Compagnia Venti Lucenti. Ha scritto e portato in scena spettacoli di prosa e drammaturgie originali in Italia e all\u2019estero collaborando con enti, teatri, scuole e fondazioni liriche e sinfoniche sul territorio nazionale ed estero. Ha firmato regie di opere liriche in collaborazione con Opera Festival, Taormina Festival, Teatro Coccia di Novara, Bartokplus International Opera Festival di Miskolc (Ungheria), Teatro del Maggio Musicale Fiorentino, Puccini Festival di Torre del Lago, Nervi Music Ballet Festival del Teatro Carlo Felice di Genova, Festival dei Due Mondi di Spoleto, Teatro Nazionale di Belgrado, Teatro Marrucino di Chieti, Teatro Nazionale dell&#8217;Opera e del Balletto dell\u2019Albania di Tirana, Teatro Petrarca di Arezzo, Teatro Regio di Torino. Dal 2007, con Venti Lucenti, si \u00e8 dedicata alla divulgazione e all\u2019avvicinamento dei pi\u00f9 giovani all\u2019opera lirica, alla musica sinfonica e alla prosa in collaborazione con il Teatro del Maggio Musicale Fiorentino, l\u2019Accademia Nazionale di Santa Cecilia di Roma, l\u2019Orchestra Regionale della Toscana di Firenze, il Teatro Massimo di Palermo, il Teatro Coccia di Novara, l\u2019Orchestra Sinfonica Nazionale della RAI di Torino, il Teatro Maggiore di Verbania, il Teatro Carlo Felice di Genova, il Teatro della Pergola di Firenze, il Teatro Valentino Garavani di Voghera, Festival Internazionale MITO SettembreMusica. Per queste istituzioni e fondazioni lirico-sinfoniche scrive e dirige spettacoli d\u2019opera e di prosa originali e firma progetti educational in cui i bambini e ragazzi delle scuole sono protagonisti in scena insieme ad attori, cantanti e musicisti professionisti. \u00c8 docente di arte scenica in percorsi di formazione e perfezionamento per cantanti lirici e insegna al Master in \u2018Progettazione e programmazione di processi educazionali nella musica dal vivo\u2019 dell\u2019Universit\u00e0 degli Studi di Firenze.<\/p>\n\n\n\n<p>Fabrizio Maria Carminati, diplomato in Pianoforte sotto la guida del M\u00b0 Carlo Pestalozza e successivamente in Composizione a Milano, ha completato gli studi con il diploma in Direzione d\u2019orchestra, ottenendo il massimo dei voti. La sua carriera \u00e8 iniziata al Teatro Regio di Torino nel 1988 come Maestro collaboratore, debuttando come direttore nel 1992 con La boh\u00e8me di Giacomo Puccini. Nel corso della sua carriera, ha diretto oltre 60 titoli d\u2019opera nei pi\u00f9 importanti teatri italiani e internazionali, diventando un interprete di riferimento per il repertorio italiano del belcanto e del Novecento. Tra le sue collaborazioni pi\u00f9 rilevanti si segnalano quelle con il Teatro Regio di Torino, la Fondazione Arena di Verona, l&#8217;Opera di Roma e il Teatro G. Verdi di Trieste, dove attualmente ricopre il ruolo di Primo Direttore Ospite. Accanto alla sua attivit\u00e0 artistica, ha ricoperto prestigiosi incarichi istituzionali, tra cui Direttore Artistico del Teatro Donizetti di Bergamo e della Fondazione Arena di Verona, nonch\u00e9 del Teatro Massimo Bellini di Catania dal 2020. Ha inoltre collaborato con diverse fondazioni e orchestre in Europa e in Asia, distinguendosi per la sua sensibilit\u00e0 interpretativa e competenza tecnica. Il suo repertorio spazia dai grandi capolavori del belcanto italiano (Donizetti, Bellini, Verdi, Puccini) fino ai lavori del Novecento tedesco e italiano, dirigendo opere come Madame Butterfly, Tosca, Rigoletto e Eugene Onegin.<\/p>\n\n\n\n<p>Fondazione Guido d\u2019Arezzo<\/p>\n","protected":false},"excerpt":{"rendered":"<p>Ad Arezzo debutta la nuova produzione de \u201cLe Stanze dell\u2019Opera\u201d con Mario Cassi e sedici giovani promesse, selezionate tra tante. La regia \u00e8 di Manu Lalli Un Rigoletto per le nuove generazioni, auspicando una nuova umanit\u00e0 Venerd\u00ec 6 febbraio ore 20.00 e domenica 8 febbraio ore 17.00 al Teatro Petrarca\u00a0la messa in scena del rivoluzionario [&hellip;]<\/p>\n","protected":false},"author":1,"featured_media":0,"comment_status":"open","ping_status":"open","sticky":false,"template":"","format":"standard","meta":{"_joinchat":[]},"categories":[1],"tags":[],"_links":{"self":[{"href":"https:\/\/www.radioribelle.it\/index.php\/wp-json\/wp\/v2\/posts\/50710"}],"collection":[{"href":"https:\/\/www.radioribelle.it\/index.php\/wp-json\/wp\/v2\/posts"}],"about":[{"href":"https:\/\/www.radioribelle.it\/index.php\/wp-json\/wp\/v2\/types\/post"}],"author":[{"embeddable":true,"href":"https:\/\/www.radioribelle.it\/index.php\/wp-json\/wp\/v2\/users\/1"}],"replies":[{"embeddable":true,"href":"https:\/\/www.radioribelle.it\/index.php\/wp-json\/wp\/v2\/comments?post=50710"}],"version-history":[{"count":1,"href":"https:\/\/www.radioribelle.it\/index.php\/wp-json\/wp\/v2\/posts\/50710\/revisions"}],"predecessor-version":[{"id":50712,"href":"https:\/\/www.radioribelle.it\/index.php\/wp-json\/wp\/v2\/posts\/50710\/revisions\/50712"}],"wp:attachment":[{"href":"https:\/\/www.radioribelle.it\/index.php\/wp-json\/wp\/v2\/media?parent=50710"}],"wp:term":[{"taxonomy":"category","embeddable":true,"href":"https:\/\/www.radioribelle.it\/index.php\/wp-json\/wp\/v2\/categories?post=50710"},{"taxonomy":"post_tag","embeddable":true,"href":"https:\/\/www.radioribelle.it\/index.php\/wp-json\/wp\/v2\/tags?post=50710"}],"curies":[{"name":"wp","href":"https:\/\/api.w.org\/{rel}","templated":true}]}}