{"id":5078,"date":"2022-09-10T09:37:00","date_gmt":"2022-09-10T07:37:00","guid":{"rendered":"https:\/\/www.radioribelle.it\/?p=5078"},"modified":"2022-09-09T18:52:33","modified_gmt":"2022-09-09T16:52:33","slug":"mostra-nazionale-del-cavallo-al-parco-langer","status":"publish","type":"post","link":"https:\/\/www.radioribelle.it\/index.php\/2022\/09\/10\/mostra-nazionale-del-cavallo-al-parco-langer\/","title":{"rendered":"Presentazione del progetto INVIT\u2019ARTI"},"content":{"rendered":"\n<div class=\"wp-block-image\"><figure class=\"alignleft size-full is-resized\"><img loading=\"lazy\" src=\"https:\/\/www.radioribelle.it\/wp-content\/uploads\/2022\/09\/invito.png\" alt=\"\" class=\"wp-image-5163\" width=\"189\" height=\"268\" srcset=\"https:\/\/www.radioribelle.it\/wp-content\/uploads\/2022\/09\/invito.png 595w, https:\/\/www.radioribelle.it\/wp-content\/uploads\/2022\/09\/invito-212x300.png 212w\" sizes=\"(max-width: 189px) 100vw, 189px\" \/><\/figure><\/div>\n\n\n\n<p>In qualit\u00e0 di Dirigente scolastico dell&#8217;Istituto Statale di Istruzione Superiore Buonarroti-Fossombroni di Arezzo, ho il piacere di segnalare la presentazione del progetto\u00a0<em><strong>INVIT&#8217;ARTI<\/strong><\/em>, che si terr\u00e0 il giorno\u00a0marted\u00ec 13 settembre p.v. alle ore 18,00\u00a0presso il chiostro del Monastero benedettino S.S. Flora e Lucilla, in\u00a0piazza della Badia 2 ad Arezzo.<\/p>\n\n\n\n<!--more-->\n\n\n\n<p>Tale evento, nell&#8217;imminenza dell&#8217;apertura del nuovo anno scolastico, consentir\u00e0 di aprire al pubblico la meravigliosa sede della nostra scuola, il cui chiostro benedettino \u00e8 uno dei pi\u00f9 belli e imponenti del territorio aretino, all&#8217;esterno del quale \u00e8 anche presente una lunetta cinquecentesca in stile robbiano testimonianza dell&#8217;arte ceramica invetriata, che ci auguriamo possa essere presto valorizzata con un importante restauro.&nbsp;<\/p>\n\n\n\n<p>L\u2019Istituto Buonarroti-Fossombroni si propone cos\u00ec di mettere a disposizione della collettivit\u00e0 questa splendida location per ospitare in futuro eventi artistici e culturali di vario genere, nonch\u00e9 di farsi volano per l\u2019espressione dell\u2019arte in tutte le sue forme. La presentazione di marted\u00ec 13 settembre, curata dalle professoresse Olimpia Bruni e Marina Benedetti, insieme alla mostra di alcune loro opere, che sar\u00e0 visitabile mercoled\u00ec 14 settembre, ne sono un esempio e dimostrano che all&#8217;interno delle scuole ci sono anche veri e propri artisti e artigiani in grado di trasmettere agli allievi conoscenze, competenze e passione per le arti.<\/p>\n\n\n\n<p>La presenza della Stampa e una gradita diffusione, che possa dare risonanza sia all&#8217;evento che al progetto pi\u00f9 ampio ad esso legato, sono elementi fondamentali per la piena riuscita dell&#8217;iniziativa.<\/p>\n\n\n\n<p>Si allegano invito alla presentazione del progetto e locandina dell\u2019evento.<\/p>\n\n\n\n<p>Confidando in una gradita partecipazione all\u2019evento, colgo l\u2019occasione per porgere i miei pi\u00f9 cordiali saluti.<\/p>\n\n\n\n<p>Prof. Stefano Cammerieri Dirigente scolastico ISIS Buonarroti-Fossombroni<\/p>\n","protected":false},"excerpt":{"rendered":"<p>In qualit\u00e0 di Dirigente scolastico dell&#8217;Istituto Statale di Istruzione Superiore Buonarroti-Fossombroni di Arezzo, ho il piacere di segnalare la presentazione del progetto\u00a0INVIT&#8217;ARTI, che si terr\u00e0 il giorno\u00a0marted\u00ec 13 settembre p.v. alle ore 18,00\u00a0presso il chiostro del Monastero benedettino S.S. Flora e Lucilla, in\u00a0piazza della Badia 2 ad Arezzo.<\/p>\n","protected":false},"author":1,"featured_media":0,"comment_status":"open","ping_status":"open","sticky":false,"template":"","format":"standard","meta":{"_joinchat":[]},"categories":[1],"tags":[],"_links":{"self":[{"href":"https:\/\/www.radioribelle.it\/index.php\/wp-json\/wp\/v2\/posts\/5078"}],"collection":[{"href":"https:\/\/www.radioribelle.it\/index.php\/wp-json\/wp\/v2\/posts"}],"about":[{"href":"https:\/\/www.radioribelle.it\/index.php\/wp-json\/wp\/v2\/types\/post"}],"author":[{"embeddable":true,"href":"https:\/\/www.radioribelle.it\/index.php\/wp-json\/wp\/v2\/users\/1"}],"replies":[{"embeddable":true,"href":"https:\/\/www.radioribelle.it\/index.php\/wp-json\/wp\/v2\/comments?post=5078"}],"version-history":[{"count":3,"href":"https:\/\/www.radioribelle.it\/index.php\/wp-json\/wp\/v2\/posts\/5078\/revisions"}],"predecessor-version":[{"id":5164,"href":"https:\/\/www.radioribelle.it\/index.php\/wp-json\/wp\/v2\/posts\/5078\/revisions\/5164"}],"wp:attachment":[{"href":"https:\/\/www.radioribelle.it\/index.php\/wp-json\/wp\/v2\/media?parent=5078"}],"wp:term":[{"taxonomy":"category","embeddable":true,"href":"https:\/\/www.radioribelle.it\/index.php\/wp-json\/wp\/v2\/categories?post=5078"},{"taxonomy":"post_tag","embeddable":true,"href":"https:\/\/www.radioribelle.it\/index.php\/wp-json\/wp\/v2\/tags?post=5078"}],"curies":[{"name":"wp","href":"https:\/\/api.w.org\/{rel}","templated":true}]}}