{"id":50994,"date":"2026-01-30T12:02:00","date_gmt":"2026-01-30T11:02:00","guid":{"rendered":"https:\/\/www.radioribelle.it\/?p=50994"},"modified":"2026-01-29T19:44:26","modified_gmt":"2026-01-29T18:44:26","slug":"dimensionamento-scolastico","status":"publish","type":"post","link":"https:\/\/www.radioribelle.it\/index.php\/2026\/01\/30\/dimensionamento-scolastico\/","title":{"rendered":"Dimensionamento scolastico"},"content":{"rendered":"\n<div class=\"wp-block-image\"><figure class=\"alignright size-large is-resized\"><img loading=\"lazy\" src=\"https:\/\/www.radioribelle.it\/wp-content\/uploads\/2026\/01\/Cantiere-Dante-Alighieri-17-1024x576.jpg\" alt=\"\" class=\"wp-image-50995\" width=\"420\" height=\"236\" srcset=\"https:\/\/www.radioribelle.it\/wp-content\/uploads\/2026\/01\/Cantiere-Dante-Alighieri-17-1024x576.jpg 1024w, https:\/\/www.radioribelle.it\/wp-content\/uploads\/2026\/01\/Cantiere-Dante-Alighieri-17-300x169.jpg 300w, https:\/\/www.radioribelle.it\/wp-content\/uploads\/2026\/01\/Cantiere-Dante-Alighieri-17-768x432.jpg 768w, https:\/\/www.radioribelle.it\/wp-content\/uploads\/2026\/01\/Cantiere-Dante-Alighieri-17-1536x864.jpg 1536w, https:\/\/www.radioribelle.it\/wp-content\/uploads\/2026\/01\/Cantiere-Dante-Alighieri-17-619x348.jpg 619w, https:\/\/www.radioribelle.it\/wp-content\/uploads\/2026\/01\/Cantiere-Dante-Alighieri-17.jpg 1920w\" sizes=\"(max-width: 420px) 100vw, 420px\" \/><\/figure><\/div>\n\n\n\n<p>il Comune di Citt\u00e0 di Castello ha attivato le procedure per la presentazione di un ricorso al Tar. L\u2019amministrazione ha depositato un\u2019istanza di accesso agli atti per conoscere le motivazioni del provvedimento e ha scritto a MIM e all\u2019USR dell\u2019Umbria per chiedere un confronto. Secondi e Guerri: \u201cDaremo seguito a tutte le azioni in nostro potere per tutelare il sistema scolastico e gli studenti di Citt\u00e0 di Castello da quella che riteniamo un\u2019autentica ingiustizia<\/p>\n\n\n\n<!--more-->\n\n\n\n<p>\u201cL\u2019amministrazione comunale di Citt\u00e0 di Castello ha attivato le procedure per la presentazione di un ricorso al Tar contro il decreto direttoriale 62 del 28 gennaio 2026 che definisce l\u2019assetto dell\u2019organizzazione del sistema scolastico della regione Umbria nell&#8217;anno 2026\/2027. Stamattina, inoltre, ci siamo trovati nella necessit\u00e0 di depositare presso all\u2019Ufficio Scolastico Regionale un\u2019istanza di accesso agli atti per conoscere le motivazioni del provvedimento contenute nel decreto direttoriale 60 del 27 gennaio 2026 sul piano del dimensionamento della rete scolastica nel 2026-2027: motivazioni che non sono state pubblicate e che siamo tenuti a sapere, perch\u00e9 sono il fondamento dell\u2019accorpamento di istituti che \u00e8 stato stabilito per Citt\u00e0 di Castello dal successivo decreto direttoriale 62. Abbiamo, infine, scritto al Dipartimento per il sistema educativo di istruzione e formazione del Ministero dell\u2019Istruzione e del Merito e al direttore generale dell\u2019Ufficio Scolastico Regionale per l\u2019Umbria, nella sua veste anche di commissario ad acta per il dimensionamento scolastico, per chiedere un immediato e urgente confronto sul coinvolgimento dell\u2019Istituto di Istruzione secondaria di primo grado Alighieri &#8211; Pascoli nell\u2019azione di riorganizzazione del sistema scolastico della regione Umbria per l\u2019anno 2026\/2027. Atti formali e sostanziali per dire che non accettiamo una scelta illogica e dannosa, con cui viene di nuovo colpito un territorio come quello di Citt\u00e0 di Castello che ha gi\u00e0 sopportato i sacrifici della riorganizzazione scolastica regionale. L\u2019accorpamento deciso per Citt\u00e0 di Castello, infatti, non \u00e8 fondato ed \u00e8 illogico perch\u00e9 con direzioni didattiche dai numeri altissimi, 800 studenti cadauna, si andrebbero a definire due istituti comprensivi tra i pi\u00f9 grandi in Umbria, mentre in altre citt\u00e0 ci sono direzioni didattiche con numeri molto inferiori. Dividere inoltre la Dante Alighieri dalla Giovanni Pascoli \u00e8 assurdo, perch\u00e9 la Dante Alighieri, interessata da un intervento del PNRR attualmente fermo in conseguenza della rescissione contrattuale per inadempienza da parte dell\u2019azienda a cui ha affidato i lavori Invitalia, non c\u2019\u00e8 pi\u00f9 e vengono divisi due istituti che hanno attualmente una sola sede. Ecco perch\u00e9 reagiamo ed ecco perch\u00e9 daremo seguito a tutte le azioni in nostro potere con fermezza e determinazione per tutelare il sistema scolastico e gli studenti di Citt\u00e0 di Castello da quella che riteniamo un\u2019autentica ingiustizia\u201d. E\u2019 quanto dichiarano il sindaco\u00a0<em>Luca Secondi<\/em>\u00a0e l\u2019assessore ai Servizi Educativi\u00a0<em>Letizia Guerri<\/em>, dando notizia delle iniziative intraprese a seguito della pubblicazione del decreto direttoriale n.62 del 28 gennaio 2026 che definisce l\u2019assetto dell\u2019organizzazione del sistema scolastico della regione Umbria per l\u2019anno scolastico 2026\/2027. Stamattina il sindaco Secondi ha dato mandato al Servizio Legale dell\u2019ente di valutare i provvedimenti adottati dal direttore generale dell\u2019USR, in qualit\u00e0 anche di commissario ad acta per il dimensionamento, con l\u2019obiettivo di formalizzare un atto di opposizione di fronte al tribunale amministrativo. Inoltre, con lettera alla direzione generale dell\u2019Ufficio Scolastico Regionale, l\u2019amministrazione comunale di Citt\u00e0 di Castello ha chiesto, sempre stamattina, una copia integrale del decreto direttoriale n.60 del 27 gennaio 2026 che adotta il piano del dimensionamento della rete scolastica per l\u2019anno scolastico 2026\/2027 della regione Umbria, in sostituzione degli organi regionali competenti, come da delibera del Consiglio dei Ministri del 12 gennaio 2026. L\u2019ente ha, infine, scritto al capo Dipartimento per il sistema educativo di istruzione e formazione del Ministero dell\u2019Istruzione e del Merito e allo stesso direttore generale dell\u2019Ufficio Scolastico Regionale dell\u2019Umbria per chiedere conto del coinvolgimento dell\u2019Istituto di Istruzione secondaria di primo grado Alighieri &#8211; Pascoli nell\u2019azione di riorganizzazione del sistema scolastico della regione Umbria per l\u2019anno scolastico 2026\/2027. \u201cEra doveroso far seguire i fatti alle parole\u201d, sottolineano Secondi e Guerri, che ieri avevano preso immediatamente posizione sul provvedimento della direzione generale dell\u2019Ufficio Scolastico Regionale a poche ore dalla pubblicazione. \u201cUna decisione \u2013 puntualizzano gli amministratori &#8211; arrivata come un fulmine a ciel sereno, senza un minimo confronto, una minima interlocuzione da parte dei livelli istituzionali preposti, fatto questo che onestamente dispiace e rende ancora pi\u00f9 inaccettabile quanto sta accadendo\u201d. \u201cL\u2019auspicio \u2013 concludono Secondi e Guerri \u2013 \u00e8 che si comprenda che siamo di fronte a un provvedimento sbagliato in modo sostanziale e che si abbiano la forza, il coraggio e l\u2019onest\u00e0 intellettuale di tornare indietro per rivedere una decisione che ferisce l\u2019intera comunit\u00e0 di Citt\u00e0 di Castello\u201d. \u00a0<\/p>\n","protected":false},"excerpt":{"rendered":"<p>il Comune di Citt\u00e0 di Castello ha attivato le procedure per la presentazione di un ricorso al Tar. L\u2019amministrazione ha depositato un\u2019istanza di accesso agli atti per conoscere le motivazioni del provvedimento e ha scritto a MIM e all\u2019USR dell\u2019Umbria per chiedere un confronto. Secondi e Guerri: \u201cDaremo seguito a tutte le azioni in nostro [&hellip;]<\/p>\n","protected":false},"author":1,"featured_media":0,"comment_status":"open","ping_status":"open","sticky":false,"template":"","format":"standard","meta":{"_joinchat":[]},"categories":[1],"tags":[],"_links":{"self":[{"href":"https:\/\/www.radioribelle.it\/index.php\/wp-json\/wp\/v2\/posts\/50994"}],"collection":[{"href":"https:\/\/www.radioribelle.it\/index.php\/wp-json\/wp\/v2\/posts"}],"about":[{"href":"https:\/\/www.radioribelle.it\/index.php\/wp-json\/wp\/v2\/types\/post"}],"author":[{"embeddable":true,"href":"https:\/\/www.radioribelle.it\/index.php\/wp-json\/wp\/v2\/users\/1"}],"replies":[{"embeddable":true,"href":"https:\/\/www.radioribelle.it\/index.php\/wp-json\/wp\/v2\/comments?post=50994"}],"version-history":[{"count":1,"href":"https:\/\/www.radioribelle.it\/index.php\/wp-json\/wp\/v2\/posts\/50994\/revisions"}],"predecessor-version":[{"id":50996,"href":"https:\/\/www.radioribelle.it\/index.php\/wp-json\/wp\/v2\/posts\/50994\/revisions\/50996"}],"wp:attachment":[{"href":"https:\/\/www.radioribelle.it\/index.php\/wp-json\/wp\/v2\/media?parent=50994"}],"wp:term":[{"taxonomy":"category","embeddable":true,"href":"https:\/\/www.radioribelle.it\/index.php\/wp-json\/wp\/v2\/categories?post=50994"},{"taxonomy":"post_tag","embeddable":true,"href":"https:\/\/www.radioribelle.it\/index.php\/wp-json\/wp\/v2\/tags?post=50994"}],"curies":[{"name":"wp","href":"https:\/\/api.w.org\/{rel}","templated":true}]}}