{"id":5104,"date":"2022-09-11T16:31:00","date_gmt":"2022-09-11T14:31:00","guid":{"rendered":"https:\/\/www.radioribelle.it\/?p=5104"},"modified":"2022-09-10T18:26:24","modified_gmt":"2022-09-10T16:26:24","slug":"il-nuovo-circo-in-periferia","status":"publish","type":"post","link":"https:\/\/www.radioribelle.it\/index.php\/2022\/09\/11\/il-nuovo-circo-in-periferia\/","title":{"rendered":"IL NUOVO CIRCO IN PERIFERIA"},"content":{"rendered":"\n<div class=\"wp-block-image\"><figure class=\"alignleft size-large is-resized\"><img loading=\"lazy\" src=\"https:\/\/www.radioribelle.it\/wp-content\/uploads\/2022\/09\/Circo-in-periferia-1_1280x853-1024x682.jpeg\" alt=\"\" class=\"wp-image-5105\" width=\"216\" height=\"144\" srcset=\"https:\/\/www.radioribelle.it\/wp-content\/uploads\/2022\/09\/Circo-in-periferia-1_1280x853-1024x682.jpeg 1024w, https:\/\/www.radioribelle.it\/wp-content\/uploads\/2022\/09\/Circo-in-periferia-1_1280x853-300x200.jpeg 300w, https:\/\/www.radioribelle.it\/wp-content\/uploads\/2022\/09\/Circo-in-periferia-1_1280x853-768x512.jpeg 768w, https:\/\/www.radioribelle.it\/wp-content\/uploads\/2022\/09\/Circo-in-periferia-1_1280x853-619x413.jpeg 619w, https:\/\/www.radioribelle.it\/wp-content\/uploads\/2022\/09\/Circo-in-periferia-1_1280x853.jpeg 1280w\" sizes=\"(max-width: 216px) 100vw, 216px\" \/><\/figure><\/div>\n\n\n\n<p>dal 15 al 25 settembre 2022 Parco di via delle Cincie, Roma Torre Angela Urban Lab 2022 un progetto di 238 asd Anomalie 16\u00b0 spin off un progetto di Kollatino Underground Torna per il 16\u00b0 anno Anomalie, un evento che illumina le periferie con equilibrismi, danze aeree, clownerie, giocoleria, ma anche teatro sperimentale, opere multimediali ed improvvisazioni musicali. Lo fa propoendo quattro spettacoli all&#8217;interno di\u00a0<\/p>\n\n\n\n<!--more-->\n\n\n\n<p>\u00a0Torre Angela Urban Lab, un festival multidisciplinare, resiliente e partecipato. Caratterizzato da differenti linguaggi, spazia dalla performance al nuovo circo, dal teatro alle arti visive, dal videoracconto al cinema, in una visione drammaturgica innovativa e non convenzionale.\u00a0 Oltre sessanta artisti, tre spettacoli al giorno per undici giorni\u00a0renderanno il parco di via Calimera un\u2019anomala piazza dedicata allo spettacolo, alla cultura ed alla formazione. Nella periferia est della capitale, in quell\u2019area dell\u2019Agro Romano dove gi\u00e0 in pieno Rinascimento si estendeva la tenuta di Angelo Del Bufalo, il quartiere \u00e8 uno dei pi\u00f9 densamente abitati. Ed \u00e8 qui che l&#8217;idea di portare il nuovo circo, con artisi provenienti da tutto il mondo, con artisti italiani che calcano i palcoscenici pi\u00f9 importanti d&#8217;Europa, attiva specifici processi di tessitura sociale e integrazione.<strong>\u00a0<\/strong> Un ricco programma di spettacoli circensi come la clownerie di Daniela Cardellini e Andrea Scarimbolo, l\u2019effettistica e le tecniche aeree ed acrobatiche della compagnia Circo Pitanga, il duo israelo svizzero che calca le scene di tutto il mondo.\u00a0 Canov.A.1,\u00a0la nuova produzione CPCCL &#8211; centro di creazione e residenza circense laziale, firmata dai fratelli Longo &#8211; Valerio ed Alberto, che unisce la danza al circo.\u00a0\u00a0Giocoleria e destrezza con\u00a0Elia the Juggler e Lorenzo Ritondale.\u00a0Danza aerea e tessuto con\u00a0Livia Maria Cordasco,\u00a0interprete argentina gi\u00e0 nota in Italia e la fire woman\u00a0Elena Garrafa.\u00a0Chiude il mirabolante spettacolo di\u00a0J.C.Ortega El Aretreo. Poetica l&#8217;azione di portare il circo negli androni dei palazzi, nelle scuole, nei cortili, davanti i locali affinch\u00e8 sia la poesia, la bellezza e l&#8217;arte a scovare, cercare, animare il pubblico e i quartieri romani. Lo scopo \u00e8 quello di reinterpretare la periferia metropolitana attraverso l\u2019innovazione e lo scambio intergenerazionale a dimostrazione di come il messaggio delle arti possa migliorarne la qualit\u00e0 della vita dei territori ed aumentare il benessere individuale, in una commistione fra un grande evento ed una festa di quartiere. Il pomeriggio \u00e8 dedicato ai workshop di nuovo circo per i pi\u00f9 piccoli (4 &#8211; 14 anni) a cura di Hangar delle Arti<\/p>\n\n\n\n<p>Lezioni spettacolo e performance al tramonto anticipano gli spettacoli serali delle ore 19, tutto destinato ad un pubblico eterogeneo, da\u00a00 a 99 anni.\u00a0\u00a0 dal 15 al 25 settembre 2022 &#8211; tutti i giorni dalle ore 17.00 Parco via Calimera\u00a0 Torre. Angela | Roma<br><\/p>\n","protected":false},"excerpt":{"rendered":"<p>dal 15 al 25 settembre 2022 Parco di via delle Cincie, Roma Torre Angela Urban Lab 2022 un progetto di 238 asd Anomalie 16\u00b0 spin off un progetto di Kollatino Underground Torna per il 16\u00b0 anno Anomalie, un evento che illumina le periferie con equilibrismi, danze aeree, clownerie, giocoleria, ma anche teatro sperimentale, opere multimediali [&hellip;]<\/p>\n","protected":false},"author":1,"featured_media":0,"comment_status":"open","ping_status":"open","sticky":false,"template":"","format":"standard","meta":{"_joinchat":[]},"categories":[1],"tags":[],"_links":{"self":[{"href":"https:\/\/www.radioribelle.it\/index.php\/wp-json\/wp\/v2\/posts\/5104"}],"collection":[{"href":"https:\/\/www.radioribelle.it\/index.php\/wp-json\/wp\/v2\/posts"}],"about":[{"href":"https:\/\/www.radioribelle.it\/index.php\/wp-json\/wp\/v2\/types\/post"}],"author":[{"embeddable":true,"href":"https:\/\/www.radioribelle.it\/index.php\/wp-json\/wp\/v2\/users\/1"}],"replies":[{"embeddable":true,"href":"https:\/\/www.radioribelle.it\/index.php\/wp-json\/wp\/v2\/comments?post=5104"}],"version-history":[{"count":1,"href":"https:\/\/www.radioribelle.it\/index.php\/wp-json\/wp\/v2\/posts\/5104\/revisions"}],"predecessor-version":[{"id":5106,"href":"https:\/\/www.radioribelle.it\/index.php\/wp-json\/wp\/v2\/posts\/5104\/revisions\/5106"}],"wp:attachment":[{"href":"https:\/\/www.radioribelle.it\/index.php\/wp-json\/wp\/v2\/media?parent=5104"}],"wp:term":[{"taxonomy":"category","embeddable":true,"href":"https:\/\/www.radioribelle.it\/index.php\/wp-json\/wp\/v2\/categories?post=5104"},{"taxonomy":"post_tag","embeddable":true,"href":"https:\/\/www.radioribelle.it\/index.php\/wp-json\/wp\/v2\/tags?post=5104"}],"curies":[{"name":"wp","href":"https:\/\/api.w.org\/{rel}","templated":true}]}}