{"id":51250,"date":"2026-02-07T10:39:00","date_gmt":"2026-02-07T09:39:00","guid":{"rendered":"https:\/\/www.radioribelle.it\/?p=51250"},"modified":"2026-02-06T16:11:39","modified_gmt":"2026-02-06T15:11:39","slug":"il-peba-esce-dal-capoluogo","status":"publish","type":"post","link":"https:\/\/www.radioribelle.it\/index.php\/2026\/02\/07\/il-peba-esce-dal-capoluogo\/","title":{"rendered":"Il PEBA esce dal capoluogo"},"content":{"rendered":"\n<div class=\"wp-block-image\"><figure class=\"alignright size-large is-resized\"><img loading=\"lazy\" src=\"https:\/\/www.radioribelle.it\/wp-content\/uploads\/2026\/02\/Disabilita-3-1024x576.jpg\" alt=\"\" class=\"wp-image-51251\" width=\"250\" height=\"140\" srcset=\"https:\/\/www.radioribelle.it\/wp-content\/uploads\/2026\/02\/Disabilita-3-1024x576.jpg 1024w, https:\/\/www.radioribelle.it\/wp-content\/uploads\/2026\/02\/Disabilita-3-300x169.jpg 300w, https:\/\/www.radioribelle.it\/wp-content\/uploads\/2026\/02\/Disabilita-3-768x432.jpg 768w, https:\/\/www.radioribelle.it\/wp-content\/uploads\/2026\/02\/Disabilita-3-1536x864.jpg 1536w, https:\/\/www.radioribelle.it\/wp-content\/uploads\/2026\/02\/Disabilita-3-619x348.jpg 619w, https:\/\/www.radioribelle.it\/wp-content\/uploads\/2026\/02\/Disabilita-3.jpg 1920w\" sizes=\"(max-width: 250px) 100vw, 250px\" \/><\/figure><\/div>\n\n\n\n<p>La nuova stagione di programmazione dell\u2019abbattimento delle barriere architettoniche riguarder\u00e0 le frazioni di Trestina e Cerbara e sar\u00e0 finalizzata anche all\u2019eliminazione degli ostacoli sensoriali. Bernicchi e Calagreti: \u201cL\u2019idea \u00e8 di favorire un\u2019inclusione sociale delle persone con disabilit\u00e0 fortemente efficace\u201d<\/p>\n\n\n\n<!--more-->\n\n\n\n<p>L\u2019amministrazione comunale di Citt\u00e0 di Castello programmer\u00e0 l\u2019abbattimento delle barriere architettoniche anche negli abitati di Trestina e Cerbara. E\u2019 questo il secondo step della progettazione del PEBA (Piano per l\u2019Eliminazione delle Barriere Architettoniche) deliberato dalla giunta con un ulteriore investimento di 28.400 euro, cofinanziato per 10.000 euro dalla Regione e per 18.400 euro dal Comune. \u201cDopo la prima approvazione del piano da parte del consiglio comunale nel marzo del 2025 \u2013 sottolineano il vice sindaco con delega all\u2019Urbanistica\u00a0<em>Giuseppe Stefano Bernicchi<\/em>\u00a0e l\u2019assessore alle Politiche Sociali\u00a0<em>Benedetta Calagreti<\/em>\u00a0&#8211; il lavoro di ricognizione delle criticit\u00e0 nel tessuto urbano di Citt\u00e0 di Castello e di definizione delle soluzioni per superare gli ostacoli all\u2019accessibilit\u00e0 degli spazi pubblici da parte delle persone con disabilit\u00e0 sar\u00e0 esteso dal capoluogo a quelle che, per concentrazione demografica e di servizi pubblici, sono le due principali frazioni a sud e a nord del territorio comunale\u201d. L\u2019iter procedurale definito dall\u2019esecutivo, che coinvolger\u00e0 i tecnici comunali del Settore Assetto del Territorio, Edilizia e Ambiente &#8211; Ufficio P.R.G. e Strumenti Attuativi, prevede l\u2019avvio a breve della nuova stagione di progettazione, con l\u2019approvazione definitiva che sar\u00e0 demandata ancora una volta al consiglio comunale.\u00a0 \u201cCome per la prima progettazione del PEBA, la lente di ingrandimento sar\u00e0 appoggiata sulle strutture e sugli spazi pubblici che svolgono un ruolo fondamentale per la vita sociale, culturale e amministrativa delle comunit\u00e0 locali\u201d, spiegano Bernicchi e Calagreti, che aggiungono: \u201cil lavoro sar\u00e0 indirizzato stavolta ad analisi e approfondimenti su altre tipologie di ostacoli, altrettanto invalidanti ma pi\u00f9 spesso invisibili, come sono le barriere sensoriali, che impediscono l&#8217;orientamento e la fruizione dei luoghi e dei servizi alle persone con disabilit\u00e0 visive e uditive, ma sono anche le barriere cognitive e psicosensoriali, che limitano la comprensione, l&#8217;autonomia e la sicurezza, specialmente per persone con disabilit\u00e0 intellettive, autismo, demenza o difficolt\u00e0 di apprendimento\u201d. \u201cL\u2019inserimento di questi criteri nel progetto di ampliamento del PEBA \u2013 osservano Bernicchi e Calagreti- consentir\u00e0 di disporre di uno strumento di programmazione che individui anche le mancanze, oltre che le criticit\u00e0 dell\u2019esistente, con l\u2019idea di favorire un\u2019inclusione sociale delle persone con disabilit\u00e0 fortemente efficace\u201d. Il vice sindaco e l\u2019assessore evidenziano che \u201calla stregua del percorso gi\u00e0 avviato per la prima adozione del PEBA, anche la nuova stagione di progettazione sar\u00e0 caratterizzata da un approccio partecipativo, che coinvolger\u00e0 attivamente il mondo del Terzo Settore, al fine di elaborare un piano il pi\u00f9 possibile aderente alle esigenze di chi vive gli spazi urbani\u201d. \u201cL\u2019obiettivo \u00e8 infatti sempre quello di costruire un rapporto di fiducia tra amministrazione e cittadini\u201d, chiariscono Bernicchi e Calagreti, richiamando l\u2019attenzione sui benefici indiretti della partecipazione della collettivit\u00e0 ai processi decisionali, \u201cche sono legati al senso di coinvolgimento nella gestione della cosa pubblica e al senso di appartenenza alla comunit\u00e0, alla valorizzazione delle risorse locali, insieme alla costruzione di una maggiore consapevolezza del contributo che possono offrire i singoli individui\u201d.<\/p>\n\n\n\n<p><em>Il PEBA approvato per la prima volta poco meno di un anno fa dal consiglio comunale all\u2019unanimit\u00e0<\/em>, si occupava di una parte\u00a0del capoluogo di Citt\u00e0 di Castello dove si concentrano sedi comunali e servizi alla collettivit\u00e0.\u00a0<em>L\u2019area prescelta si estendeva lungo via Aldo Bologni e si concentrava nella zona delle scuole (medie e superiori, infanzia e primaria del quartiere La Tina) e della cittadella sportiva lungo via Engels, per poi svilupparsi verso via Togliatti, il parco della Madonna del Latte e via delle Terme.<\/em>\u00a0Nel dettaglio,\u00a0<em>gli itinerari e i luoghi pubblici<\/em>\u00a0investigati per la definizione degli interventi di eliminazione delle barriere architettoniche erano: via Togliatti; via Bologni; via Engels; viale Sempione; viale Moncenisio; via delle Terme; via De Cesare; via Brennero; via De Gasperi; via Splunga; via Malfatti; via Vasari; viale del Polacchino; il parco della Madonna del Latte.\u00a0<em>Le strutture oggetto di studio per la rilevazione delle barriere esistenti erano il Palazzo comunale di piazza Gabriotti, il palazzetto dello sport, la piscina comunale e il centro sportivo Belvedere.<\/em>\u00a0Per ogni situazione presa in considerazione erano stati definiti la tipologia di intervento utile ad abbattere le barriere architettoniche e una stima dei costi necessari, in modo da mettere a disposizione dell\u2019amministrazione comunale gli strumenti necessari per intervenire ogniqualvolta si rendano disponibili risorse economiche.\u00a0<em>L\u2019investimento stimato per i lavori era di circa 2 milioni di euro, suddiviso tra 1.486.853,92 euro per gli spazi urbani e 359.304,91 euro per gli edifici<\/em>.<\/p>\n","protected":false},"excerpt":{"rendered":"<p>La nuova stagione di programmazione dell\u2019abbattimento delle barriere architettoniche riguarder\u00e0 le frazioni di Trestina e Cerbara e sar\u00e0 finalizzata anche all\u2019eliminazione degli ostacoli sensoriali. Bernicchi e Calagreti: \u201cL\u2019idea \u00e8 di favorire un\u2019inclusione sociale delle persone con disabilit\u00e0 fortemente efficace\u201d<\/p>\n","protected":false},"author":1,"featured_media":0,"comment_status":"open","ping_status":"open","sticky":false,"template":"","format":"standard","meta":{"_joinchat":[]},"categories":[1],"tags":[],"_links":{"self":[{"href":"https:\/\/www.radioribelle.it\/index.php\/wp-json\/wp\/v2\/posts\/51250"}],"collection":[{"href":"https:\/\/www.radioribelle.it\/index.php\/wp-json\/wp\/v2\/posts"}],"about":[{"href":"https:\/\/www.radioribelle.it\/index.php\/wp-json\/wp\/v2\/types\/post"}],"author":[{"embeddable":true,"href":"https:\/\/www.radioribelle.it\/index.php\/wp-json\/wp\/v2\/users\/1"}],"replies":[{"embeddable":true,"href":"https:\/\/www.radioribelle.it\/index.php\/wp-json\/wp\/v2\/comments?post=51250"}],"version-history":[{"count":1,"href":"https:\/\/www.radioribelle.it\/index.php\/wp-json\/wp\/v2\/posts\/51250\/revisions"}],"predecessor-version":[{"id":51252,"href":"https:\/\/www.radioribelle.it\/index.php\/wp-json\/wp\/v2\/posts\/51250\/revisions\/51252"}],"wp:attachment":[{"href":"https:\/\/www.radioribelle.it\/index.php\/wp-json\/wp\/v2\/media?parent=51250"}],"wp:term":[{"taxonomy":"category","embeddable":true,"href":"https:\/\/www.radioribelle.it\/index.php\/wp-json\/wp\/v2\/categories?post=51250"},{"taxonomy":"post_tag","embeddable":true,"href":"https:\/\/www.radioribelle.it\/index.php\/wp-json\/wp\/v2\/tags?post=51250"}],"curies":[{"name":"wp","href":"https:\/\/api.w.org\/{rel}","templated":true}]}}