{"id":51416,"date":"2026-02-11T16:32:27","date_gmt":"2026-02-11T15:32:27","guid":{"rendered":"https:\/\/www.radioribelle.it\/?p=51416"},"modified":"2026-02-11T16:32:28","modified_gmt":"2026-02-11T15:32:28","slug":"graficom-e-valtenna-siglano-una-partnership-strategica-per-potenziare-lofferta-nel-packaging-rigido-rivestito-di-alta-gamma","status":"publish","type":"post","link":"https:\/\/www.radioribelle.it\/index.php\/2026\/02\/11\/graficom-e-valtenna-siglano-una-partnership-strategica-per-potenziare-lofferta-nel-packaging-rigido-rivestito-di-alta-gamma\/","title":{"rendered":"Graficom e Valtenna siglano una partnership strategica per potenziare l\u2019offerta nel packaging rigido rivestito di alta gamma"},"content":{"rendered":"\n<div class=\"wp-block-image\"><figure class=\"alignright size-full is-resized\"><img loading=\"lazy\" src=\"https:\/\/www.radioribelle.it\/wp-content\/uploads\/2026\/02\/SEDE-GRIFA.jpg\" alt=\"\" class=\"wp-image-51417\" width=\"296\" height=\"197\" srcset=\"https:\/\/www.radioribelle.it\/wp-content\/uploads\/2026\/02\/SEDE-GRIFA.jpg 701w, https:\/\/www.radioribelle.it\/wp-content\/uploads\/2026\/02\/SEDE-GRIFA-300x199.jpg 300w, https:\/\/www.radioribelle.it\/wp-content\/uploads\/2026\/02\/SEDE-GRIFA-619x411.jpg 619w\" sizes=\"(max-width: 296px) 100vw, 296px\" \/><\/figure><\/div>\n\n\n\n<p>Sansepolcro (AR) \/ Fermo (FM), 11 febbraio 2026 \u2013 Graficom S.r.l. e Valtenna S.r.l. annunciano la nascita di una partnership strategica pensata per integrare competenze, capacit\u00e0 produttive e know\u2011how nel settore del packaging rigido rivestito di alta gamma. L\u2019accordo, sottoscritto il 20 novembre 2025 tra Alessandro Luzzi e Loris Moretti, sancisce una collaborazione strutturata che mira a offrire alle aziende clienti soluzioni premium sempre pi\u00f9 performanti e competitive.<\/p>\n\n\n\n<!--more-->\n\n\n\n<p>Unire eccellenze complementari per un\u2019offerta unica nel mercato Il mercato delle scatole rigide rivestite richiede oggi qualit\u00e0 impeccabile, tempi di risposta rapidi e altissima personalizzazione. Graficom e Valtenna, realt\u00e0 con competenze verticali e consolidate nel packaging e nella cartotecnica, hanno scelto di unire le forze per creare un partner industriale integrato in grado di seguire l\u2019intera filiera:<\/p>\n\n\n\n<ul><li><strong>Creativit\u00e0, R&amp;D, design e progettazione<\/strong><\/li><li><strong>Produzione avanzata di packaging rigido rivestito<\/strong><\/li><li><strong>Nobilitazioni, stampa offset e flexo, prototipia, confezionamento automatico e manuale<\/strong><\/li><li><strong>Servizi integrati<\/strong> di logistica, storage, distribuzione, monitoraggio ordini ed e\u2011procurement<\/li><\/ul>\n\n\n\n<p>La partnership permette inoltre di semplificare i flussi, prevenire criticit\u00e0 e garantire qualit\u00e0 e controllo lungo tutto il processo produttivo.<\/p>\n\n\n\n<p>Punti di forza della collaborazione L\u2019unione tra i due player crea un ecosistema industriale con caratteristiche uniche nel panorama italiano ed europeo:<\/p>\n\n\n\n<ul><li><strong>Oltre 50 anni di esperienza<\/strong> e un network di sedi in Italia, Albania e Cina<\/li><li><strong>35.000 m\u00b2 complessivi di impianti<\/strong> e oltre <strong>350 professionisti<\/strong> coinvolti<\/li><li><strong>15 rivestitrici, reparti specializzati e tecnologie avanzate<\/strong> per sostenere grandi volumi e lavorazioni ad alto contenuto manuale<\/li><li>Processi produttivi volti alla <strong>sostenibilit\u00e0<\/strong>, con stampa flexo e inchiostri all\u2019acqua, riduzione delle emissioni, eliminazione di colle e abbattimento dei consumi di carta<\/li><li>Progetti di <strong>innovazione ambientale<\/strong> tra cui <em>LightCore, MagnetFree e Naked<\/em>, sviluppati dal reparto R&amp;D Valtenna<\/li><\/ul>\n\n\n\n<p>Un partenariato orientato al futuro La partnership \u00e8 pensata per sostenere la crescita di settori prestigiosi quali beverage di pregio, profumeria artistica, cosmetica di lusso, oltre a progetti speciali di brand experience e unboxing premium. Graficom, societ\u00e0 benefit, e Valtenna, azienda storica attiva dal 1963, condividono un percorso orientato alla qualit\u00e0, alla sostenibilit\u00e0 e all\u2019innovazione continua nel packaging di alta gamma.<\/p>\n","protected":false},"excerpt":{"rendered":"<p>Sansepolcro (AR) \/ Fermo (FM), 11 febbraio 2026 \u2013 Graficom S.r.l. e Valtenna S.r.l. annunciano la nascita di una partnership strategica pensata per integrare competenze, capacit\u00e0 produttive e know\u2011how nel settore del packaging rigido rivestito di alta gamma. L\u2019accordo, sottoscritto il 20 novembre 2025 tra Alessandro Luzzi e Loris Moretti, sancisce una collaborazione strutturata che [&hellip;]<\/p>\n","protected":false},"author":1,"featured_media":0,"comment_status":"open","ping_status":"open","sticky":false,"template":"","format":"standard","meta":{"_joinchat":[]},"categories":[1],"tags":[],"_links":{"self":[{"href":"https:\/\/www.radioribelle.it\/index.php\/wp-json\/wp\/v2\/posts\/51416"}],"collection":[{"href":"https:\/\/www.radioribelle.it\/index.php\/wp-json\/wp\/v2\/posts"}],"about":[{"href":"https:\/\/www.radioribelle.it\/index.php\/wp-json\/wp\/v2\/types\/post"}],"author":[{"embeddable":true,"href":"https:\/\/www.radioribelle.it\/index.php\/wp-json\/wp\/v2\/users\/1"}],"replies":[{"embeddable":true,"href":"https:\/\/www.radioribelle.it\/index.php\/wp-json\/wp\/v2\/comments?post=51416"}],"version-history":[{"count":1,"href":"https:\/\/www.radioribelle.it\/index.php\/wp-json\/wp\/v2\/posts\/51416\/revisions"}],"predecessor-version":[{"id":51418,"href":"https:\/\/www.radioribelle.it\/index.php\/wp-json\/wp\/v2\/posts\/51416\/revisions\/51418"}],"wp:attachment":[{"href":"https:\/\/www.radioribelle.it\/index.php\/wp-json\/wp\/v2\/media?parent=51416"}],"wp:term":[{"taxonomy":"category","embeddable":true,"href":"https:\/\/www.radioribelle.it\/index.php\/wp-json\/wp\/v2\/categories?post=51416"},{"taxonomy":"post_tag","embeddable":true,"href":"https:\/\/www.radioribelle.it\/index.php\/wp-json\/wp\/v2\/tags?post=51416"}],"curies":[{"name":"wp","href":"https:\/\/api.w.org\/{rel}","templated":true}]}}