{"id":51493,"date":"2026-02-15T16:33:00","date_gmt":"2026-02-15T15:33:00","guid":{"rendered":"https:\/\/www.radioribelle.it\/?p=51493"},"modified":"2026-02-15T01:35:41","modified_gmt":"2026-02-15T00:35:41","slug":"51493","status":"publish","type":"post","link":"https:\/\/www.radioribelle.it\/index.php\/2026\/02\/15\/51493\/","title":{"rendered":"Giannelli, esce dalla Lega ed aderisce a Futuro Nazionale di Vannacci"},"content":{"rendered":"\n<div class=\"wp-block-image\"><figure class=\"alignleft size-large is-resized\"><img loading=\"lazy\" src=\"https:\/\/www.radioribelle.it\/wp-content\/uploads\/2026\/02\/VannacciGiannelli-768x1024.jpg\" alt=\"\" class=\"wp-image-51494\" width=\"193\" height=\"257\" srcset=\"https:\/\/www.radioribelle.it\/wp-content\/uploads\/2026\/02\/VannacciGiannelli-768x1024.jpg 768w, https:\/\/www.radioribelle.it\/wp-content\/uploads\/2026\/02\/VannacciGiannelli-225x300.jpg 225w, https:\/\/www.radioribelle.it\/wp-content\/uploads\/2026\/02\/VannacciGiannelli-1152x1536.jpg 1152w, https:\/\/www.radioribelle.it\/wp-content\/uploads\/2026\/02\/VannacciGiannelli-619x825.jpg 619w, https:\/\/www.radioribelle.it\/wp-content\/uploads\/2026\/02\/VannacciGiannelli.jpg 1536w\" sizes=\"(max-width: 193px) 100vw, 193px\" \/><\/figure><\/div>\n\n\n\n<p>Giannelli (Consigliere comunale Scarperia San Piero e in Unione dei comuni Mugello) esce dalla Lega ed aderisce a Futuro Nazionale di VannaccI&#8221;.  La mia scelta di uscire dalla Lega non \u00e8 una decisione facile, n\u00e8 di convenienza; si tratta di una decisione ben ponderata<\/p>\n\n\n\n<!--more-->\n\n\n\n<p>che arriva alla fine di un percorso di profonda riflessione, che conduce allo sbocco naturale della convinta adesione a Futuro Nazionale, in piena condivisione con le idee ed i valori portati avanti dal Generale Roberto Vannacci&#8221; Queste le dichiarazioni di Giampaolo Giannelli, consigliere per il centrodestra nel comune di Scarperia e San Piero e attualmente capogruppo della Lega in Unione comuni Mugello. &#8220;D&#8217;altronde &#8211; prosegue Giannelli &#8211; la mia adesione\u00a0 a quanto propugnato da Vannacci non \u00e8 certo repentina o dell&#8217;ultima ora. Da due anni, infatti, faccio parte dell&#8217;associazione il mondo al contrario, movimento culturale, che affonda le radici della propria costituzione in forti valori identitari, che hanno come centro la sicurezza, la patria, la famiglia, la sovranit\u00e0 nazionale, la difesa (vera, non come quanto avvenuto finora) dei confini. Idee ed identit\u00e0 chiare, valori da portare avanti, un serio progetto di remigrazione, un&#8217;Italia non pi\u00f9 supina ad un&#8217;Europa ormai diventata matrigna e che porta avanti programmi lontani anni luce dai nostri valori.&#8221;&#8221;Esco dalla Lega &#8211; conclude Giannelli &#8211; senza sbattere la porta e senza togliermi alcun sassolino dalla scarpa; non ce n&#8217;\u00e8 alcun bisogno e non \u00e8 il momento di fare polemica. E&#8217; il momento di (ri)costruire, una destra vera, forte, che guarda al domani, futurista, ma che affonda le proprie radici nella tradizione della nostra amata Italia, sovranista e cattolica.&#8221;<\/p>\n","protected":false},"excerpt":{"rendered":"<p>Giannelli (Consigliere comunale Scarperia San Piero e in Unione dei comuni Mugello) esce dalla Lega ed aderisce a Futuro Nazionale di VannaccI&#8221;. La mia scelta di uscire dalla Lega non \u00e8 una decisione facile, n\u00e8 di convenienza; si tratta di una decisione ben ponderata<\/p>\n","protected":false},"author":1,"featured_media":0,"comment_status":"open","ping_status":"open","sticky":false,"template":"","format":"standard","meta":{"_joinchat":[]},"categories":[1],"tags":[],"_links":{"self":[{"href":"https:\/\/www.radioribelle.it\/index.php\/wp-json\/wp\/v2\/posts\/51493"}],"collection":[{"href":"https:\/\/www.radioribelle.it\/index.php\/wp-json\/wp\/v2\/posts"}],"about":[{"href":"https:\/\/www.radioribelle.it\/index.php\/wp-json\/wp\/v2\/types\/post"}],"author":[{"embeddable":true,"href":"https:\/\/www.radioribelle.it\/index.php\/wp-json\/wp\/v2\/users\/1"}],"replies":[{"embeddable":true,"href":"https:\/\/www.radioribelle.it\/index.php\/wp-json\/wp\/v2\/comments?post=51493"}],"version-history":[{"count":3,"href":"https:\/\/www.radioribelle.it\/index.php\/wp-json\/wp\/v2\/posts\/51493\/revisions"}],"predecessor-version":[{"id":51502,"href":"https:\/\/www.radioribelle.it\/index.php\/wp-json\/wp\/v2\/posts\/51493\/revisions\/51502"}],"wp:attachment":[{"href":"https:\/\/www.radioribelle.it\/index.php\/wp-json\/wp\/v2\/media?parent=51493"}],"wp:term":[{"taxonomy":"category","embeddable":true,"href":"https:\/\/www.radioribelle.it\/index.php\/wp-json\/wp\/v2\/categories?post=51493"},{"taxonomy":"post_tag","embeddable":true,"href":"https:\/\/www.radioribelle.it\/index.php\/wp-json\/wp\/v2\/tags?post=51493"}],"curies":[{"name":"wp","href":"https:\/\/api.w.org\/{rel}","templated":true}]}}