{"id":51503,"date":"2026-02-15T06:53:00","date_gmt":"2026-02-15T05:53:00","guid":{"rendered":"https:\/\/www.radioribelle.it\/?p=51503"},"modified":"2026-02-13T13:56:35","modified_gmt":"2026-02-13T12:56:35","slug":"referendum-giustizia-verso-unoccasione-persa","status":"publish","type":"post","link":"https:\/\/www.radioribelle.it\/index.php\/2026\/02\/15\/referendum-giustizia-verso-unoccasione-persa\/","title":{"rendered":"Referendum Giustizia. Verso un\u2019occasione persa"},"content":{"rendered":"\n<div class=\"wp-block-image\"><figure class=\"alignleft size-full\"><img loading=\"lazy\" width=\"310\" height=\"163\" src=\"https:\/\/www.radioribelle.it\/wp-content\/uploads\/2026\/02\/REFERENDUM.png\" alt=\"\" class=\"wp-image-51504\" srcset=\"https:\/\/www.radioribelle.it\/wp-content\/uploads\/2026\/02\/REFERENDUM.png 310w, https:\/\/www.radioribelle.it\/wp-content\/uploads\/2026\/02\/REFERENDUM-300x158.png 300w\" sizes=\"(max-width: 310px) 100vw, 310px\" \/><\/figure><\/div>\n\n\n\n<p> A seguire la campagna elettorale per il referendum costituzionale del prossimo 22 marzo sulla separazione delle carriere dei magistrati, si viene colpiti dal moltiplicarsi degli interventi che mirano pi\u00f9 che altro a discreditare legittimit\u00e0 e onest\u00e0 di chi la pensa in modo diverso. Il fondo, in questo momento, si \u00e8 toccato col procuratore di Napoli, Nicola Gratteri, che ha stigmatizzato i potenziali elettori del Si\u2019 come delinquenti e quelli del NO come brave persone. <\/p>\n\n\n\n<!--more-->\n\n\n\n<p>Stigmatizzazione che proprio in queste ore registra una moltitudine di reazioni che, a parte casi isolati, sono dello stesso livello: una sorta di gara a chi dice la cosa pi\u00f9 truce sulla controparte. Certo ci sono alcuni, essenzialmente sul fronte del SI\u2019, che argomentano in modo razionale e facendo riferimento al testo del quesito. Ma sono pochi e messi volutamente ai margini perch\u00e9, anche tra alcuni fautori del SI\u2019 sembra prevalere il desiderio dello scontro tra fazioni &#8211; sostenitori del governo (promotore del referendum) o meno &#8211; che non sul quesito. E\u2019 un&#8217;occasione persa. L\u2019ennesima. Di darci un sistema giudiziario che risponda ai tempi che stiamo vivendo e, soprattutto, che rimedi ai tanti \u201corrori\u201d del passato come &#8211; il pi\u00f9 eclatante tra i tanti &#8211; il caso Tortora, che in tanti continuano a chiamare \u201cerrore\u201d, nascondendo a se stessi che, proprio nello specifico, non si tratt\u00f2 di \u201cerrore\u201d, ma vera e propria macchinazione contro la giustizia. E\u2019 bene precisare questa differenza tra \u201cerrore\u201d e \u201corrore\u201d, perch\u00e9 \u00e8 caratteristica dominante nel nostro regime giudiziario che, dopo i profondi cambiamenti fatti durante il regime fascista del secolo scorso, non ha mai conosciuto una pulizia e superamento per renderlo al servizio dei cittadini. \u201cOrrore\u201d alimentato dal fatto che tutti, soprattutto gli operatori della giustizia, ne sono consapevoli, ma hanno preferito adagiarsi che non rimediare. Il referendum del 22 marzo avrebbe potuto essere l\u2019occasione per un confronto anche al di fuori degli addetti ai lavori. Ma sembra che questa volont\u00e0 politica proprio non ci sia: prevale la voglia di demonizzare l\u2019avversario e soverchiare qualunque razionalit\u00e0 accusando la controparte, soprattutto nel fronte del NO, di intenzioni malevole e dispotiche che, nello specifico del quesito referendario, non vengono trattate. Il meccanismo che viene avvalorato, indipendentemente dal quesito, \u00e8 quello di \u201cchi vince piglia tutto\u201d che, pur se con meno evidenza numerica e mediatica, si manifesta anche nel fronte del SI\u2019 Gi\u00e0 prevediamo cosa accadr\u00e0: la partecipazione al voto sar\u00e0 bassissima, dimostrando che il trend di calo che si manifesta in ogni elezione, \u00e8 modo privilegiato degli elettori per comunicare la propria estraneit\u00e0 a questo modo di fare politica. Bassa partecipazione che non incide sul risultato del referendum, visto che non ci sono quorum, ma che, qualunque sia il risultato, metter\u00e0 la parte vincente e quella perdente di fronte ad un drammatico problema\u2026. ammesso che, entrambe le parti, siano in grado e vogliano percepire l\u2019importanza di quello che noi chiamiamo dramma. <\/p>\n\n\n\n<p>Vincenzo Donvito Maxia &#8211; presidente Aduc<\/p>\n","protected":false},"excerpt":{"rendered":"<p>A seguire la campagna elettorale per il referendum costituzionale del prossimo 22 marzo sulla separazione delle carriere dei magistrati, si viene colpiti dal moltiplicarsi degli interventi che mirano pi\u00f9 che altro a discreditare legittimit\u00e0 e onest\u00e0 di chi la pensa in modo diverso. Il fondo, in questo momento, si \u00e8 toccato col procuratore di Napoli, [&hellip;]<\/p>\n","protected":false},"author":1,"featured_media":0,"comment_status":"open","ping_status":"open","sticky":false,"template":"","format":"standard","meta":{"_joinchat":[]},"categories":[1],"tags":[],"_links":{"self":[{"href":"https:\/\/www.radioribelle.it\/index.php\/wp-json\/wp\/v2\/posts\/51503"}],"collection":[{"href":"https:\/\/www.radioribelle.it\/index.php\/wp-json\/wp\/v2\/posts"}],"about":[{"href":"https:\/\/www.radioribelle.it\/index.php\/wp-json\/wp\/v2\/types\/post"}],"author":[{"embeddable":true,"href":"https:\/\/www.radioribelle.it\/index.php\/wp-json\/wp\/v2\/users\/1"}],"replies":[{"embeddable":true,"href":"https:\/\/www.radioribelle.it\/index.php\/wp-json\/wp\/v2\/comments?post=51503"}],"version-history":[{"count":2,"href":"https:\/\/www.radioribelle.it\/index.php\/wp-json\/wp\/v2\/posts\/51503\/revisions"}],"predecessor-version":[{"id":51507,"href":"https:\/\/www.radioribelle.it\/index.php\/wp-json\/wp\/v2\/posts\/51503\/revisions\/51507"}],"wp:attachment":[{"href":"https:\/\/www.radioribelle.it\/index.php\/wp-json\/wp\/v2\/media?parent=51503"}],"wp:term":[{"taxonomy":"category","embeddable":true,"href":"https:\/\/www.radioribelle.it\/index.php\/wp-json\/wp\/v2\/categories?post=51503"},{"taxonomy":"post_tag","embeddable":true,"href":"https:\/\/www.radioribelle.it\/index.php\/wp-json\/wp\/v2\/tags?post=51503"}],"curies":[{"name":"wp","href":"https:\/\/api.w.org\/{rel}","templated":true}]}}