{"id":51537,"date":"2026-02-15T13:34:00","date_gmt":"2026-02-15T12:34:00","guid":{"rendered":"https:\/\/www.radioribelle.it\/?p=51537"},"modified":"2026-02-15T12:01:01","modified_gmt":"2026-02-15T11:01:01","slug":"lunedi-16-febbraio-question-time-e-seduta-ordinaria-per-il-consiglio-comunale-di-citta-di-castello","status":"publish","type":"post","link":"https:\/\/www.radioribelle.it\/index.php\/2026\/02\/15\/lunedi-16-febbraio-question-time-e-seduta-ordinaria-per-il-consiglio-comunale-di-citta-di-castello\/","title":{"rendered":"Luned\u00ec 16 febbraio question time e seduta ordinaria per il consiglio comunale di Citt\u00e0 di Castello"},"content":{"rendered":"\n<div class=\"wp-block-image\"><figure class=\"alignleft size-large is-resized\"><img loading=\"lazy\" src=\"https:\/\/www.radioribelle.it\/wp-content\/uploads\/2025\/07\/citta-di-castello-1-1024x768.jpg\" alt=\"\" class=\"wp-image-43680\" width=\"211\" height=\"158\" srcset=\"https:\/\/www.radioribelle.it\/wp-content\/uploads\/2025\/07\/citta-di-castello-1-1024x768.jpg 1024w, https:\/\/www.radioribelle.it\/wp-content\/uploads\/2025\/07\/citta-di-castello-1-300x225.jpg 300w, https:\/\/www.radioribelle.it\/wp-content\/uploads\/2025\/07\/citta-di-castello-1-768x576.jpg 768w, https:\/\/www.radioribelle.it\/wp-content\/uploads\/2025\/07\/citta-di-castello-1-619x464.jpg 619w, https:\/\/www.radioribelle.it\/wp-content\/uploads\/2025\/07\/citta-di-castello-1.jpg 1067w\" sizes=\"(max-width: 211px) 100vw, 211px\" \/><\/figure><\/div>\n\n\n\n<p>Il consiglio comunale di Citt\u00e0 di Castello si riunir\u00e0 luned\u00ec 16 febbraio per un question time alle ore 16.30 e per una seduta ordinaria alle ore 18.00. All\u2019ordine del giorno dei lavori convocati dal presidente\u00a0<em>Luciano Bacchetta<\/em>\u00a0ci saranno viabilit\u00e0, ambiente, politiche per la famiglia, per i giovani e per le persone fragili, sicurezza urbana, case del commiato, gestione della Polizia Locale, aumento del costo della vita, eventi pubblici, tutela dell\u2019artigianato, toponomastica, transizione energetica e vitalizi regionali. <\/p>\n\n\n\n<!--more-->\n\n\n\n<p>La seduta dedicata alla discussione di interrogazioni e interpellanze si aprir\u00e0 con la risposta dell\u2019assessore ai Lavori Pubblici Riccardo Carletti alla consigliera Emanuela Arcaleni (Castello Cambia) sullo\u00a0<em>stato di via Verdi<\/em>. L\u2019assessore all\u2019Ambiente Mauro Mariangeli riferir\u00e0 al consigliere Tommaso Campagni (FI) sulla\u00a0<em>manutenzione dei corsi d\u2019acqua e fossati in prossimit\u00e0 dei centri abitati<\/em>. Spetter\u00e0, quindi, all\u2019assessore alle Politiche Sociali Benedetta Calagreti la risposta ai consiglieri Elda Rossi e Riccardo Leveque (FDI) sulle\u00a0<em>politiche familiari e sull\u2019utilizzo del fondo per le politiche della famiglia 2025<\/em>, con i chiarimenti sull\u2019impiego delle risorse destinate al Comune di Citt\u00e0 di Castello. Il sindaco Luca Secondi fornir\u00e0 al consigliere Valerio Mancini (Lega) le informazioni richieste sulla\u00a0<em>procedura di riclassificazione e di passaggio in gestione della strada regionale 221 (Citt\u00e0 di Castello \u2013 Arezzo) dalla competenza regionale ad Anas S.P.A.<\/em>. All\u2019assessore alla Polizia Locale Rodolfo Braccalenti spetter\u00e0 la risposta alla consigliera Monia Paradisi (PD) sulla\u00a0<em>sicurezza urbana<\/em>, con particolare riferimento alla prevenzione dei furti nelle abitazioni, mentre il sindaco Secondi prender\u00e0 di nuovo la parola in merito al\u00a0<em>servizio associato per la polizia locale<\/em>, oggetto di una interrogazione del consigliere Andrea Lignani Marchesani (Castello Cambia). I lavori del question time si concluderanno con la risposta dell\u2019assessore Carletti alla consigliera Luciana Bassini (Gruppo Misto-Azione) sull\u2019<em>istituzione e sulla regolamentazione delle case destinate al commiato<\/em>. La seduta ordinaria inizier\u00e0 con l\u2019approvazione della modifica all\u2019articolo 11 bis del\u00a0<em>regolamento del corpo di Polizia Locale<\/em>\u00a0deliberato dal consiglio comunale nel 2009, sulla quale relazioner\u00e0 l\u2019assessore competente Braccalenti, che poi illustrer\u00e0 anche le\u00a0<em>declassificazioni delle strade vicinali<\/em>\u00a0\u201cdi Bosci\u201d, \u201cdel Poggio\u201d e \u201cdi Spaglioni\u201d, in localit\u00e0 Bonsciano. A seguire, l\u2019assessore al Patrimonio Michela Botteghi presenter\u00e0 al consiglio comunale la proposta di deliberazione riguardante\u00a0<em>l\u2019accorpamento al demanio stradale comunale di aree private adibite ad uso pubblico, ininterrottamente, da oltre 20 anni<\/em>. L\u2019assessore Calagreti risponder\u00e0 alla consigliera Arcaleni (Castello Cambia) sull\u2019<em>abuso di alcol tra i minori e sulle strategie di prevenzione<\/em>. Successivamente l\u2019assemblea sar\u00e0 chiamata a discutere e votare la mozione del consigliere Gionata Gatticchi (PD) per\u00a0<em>iniziative urgenti contro l\u2019aumento delle accise sui carburanti e dei pedaggi autostradali e sulle misure di sostegno a favore di cittadini, pendolari e imprese del territorio tifernate<\/em>. L\u2019assessore al Commercio e al Turismo Letizia Guerri risponder\u00e0 all\u2019interrogazione del consigliere Lignani Marchesani (Castello Civica) riguardante il\u00a0<em>\u201cflop della serata di Capodanno\u201d<\/em>. I lavori si concluderanno con il dibattito e la votazione di quattro mozioni e un ordine del giorno. Si comincer\u00e0 con la proposta del consigliere Roberto Brunelli (PD) per la\u00a0<em>valorizzazione e la tutela dei mestieri tradizionali e artigianali<\/em>\u00a0nel comune di Citt\u00e0 di Castello, per proseguire con quelle del consigliere Gatticchi (PD) per\u00a0<em>l\u2019istituzione del registro dei \u201cProgetti di vita\u201d\u00a0<\/em>per il riconoscimento dei diritti delle persone fragili; dei consiglieri Leveque, Rossi (FDI) e Lignani Marchesani (Castello Civica) per\u00a0<em>l\u2019intitolazione rotonda o via a Norma Cossetto<\/em>; della consigliera Arcaleni (Castello Cambia) per la\u00a0<em>richiesta urgente al Governo di revoca dell\u2019impugnativa alla legge regionale 7\/2025 e di modifica del decreto-legge 175\/2025<\/em>; della consigliera Bassini (Gruppo Misto-Azione) sui\u00a0<em>vitalizi degli ex consiglieri regionali che continuano a crescere<\/em>. Come di consueto, sar\u00e0 possibile seguire la seduta anche in diretta streaming, al link\u00a0<a rel=\"noreferrer noopener\" href=\"https:\/\/cittadicastello.consiglicloud.it\/home\" target=\"_blank\">https:\/\/cittadicastello.consiglicloud.it\/home<\/a>\u00a0o attraverso il canale ufficiale YouTube del Comune di Citt\u00e0 di Castello.<\/p>\n","protected":false},"excerpt":{"rendered":"<p>Il consiglio comunale di Citt\u00e0 di Castello si riunir\u00e0 luned\u00ec 16 febbraio per un question time alle ore 16.30 e per una seduta ordinaria alle ore 18.00. All\u2019ordine del giorno dei lavori convocati dal presidente\u00a0Luciano Bacchetta\u00a0ci saranno viabilit\u00e0, ambiente, politiche per la famiglia, per i giovani e per le persone fragili, sicurezza urbana, case del [&hellip;]<\/p>\n","protected":false},"author":1,"featured_media":0,"comment_status":"open","ping_status":"open","sticky":false,"template":"","format":"standard","meta":{"_joinchat":[]},"categories":[1],"tags":[],"_links":{"self":[{"href":"https:\/\/www.radioribelle.it\/index.php\/wp-json\/wp\/v2\/posts\/51537"}],"collection":[{"href":"https:\/\/www.radioribelle.it\/index.php\/wp-json\/wp\/v2\/posts"}],"about":[{"href":"https:\/\/www.radioribelle.it\/index.php\/wp-json\/wp\/v2\/types\/post"}],"author":[{"embeddable":true,"href":"https:\/\/www.radioribelle.it\/index.php\/wp-json\/wp\/v2\/users\/1"}],"replies":[{"embeddable":true,"href":"https:\/\/www.radioribelle.it\/index.php\/wp-json\/wp\/v2\/comments?post=51537"}],"version-history":[{"count":2,"href":"https:\/\/www.radioribelle.it\/index.php\/wp-json\/wp\/v2\/posts\/51537\/revisions"}],"predecessor-version":[{"id":51541,"href":"https:\/\/www.radioribelle.it\/index.php\/wp-json\/wp\/v2\/posts\/51537\/revisions\/51541"}],"wp:attachment":[{"href":"https:\/\/www.radioribelle.it\/index.php\/wp-json\/wp\/v2\/media?parent=51537"}],"wp:term":[{"taxonomy":"category","embeddable":true,"href":"https:\/\/www.radioribelle.it\/index.php\/wp-json\/wp\/v2\/categories?post=51537"},{"taxonomy":"post_tag","embeddable":true,"href":"https:\/\/www.radioribelle.it\/index.php\/wp-json\/wp\/v2\/tags?post=51537"}],"curies":[{"name":"wp","href":"https:\/\/api.w.org\/{rel}","templated":true}]}}