{"id":51788,"date":"2026-02-24T18:00:00","date_gmt":"2026-02-24T17:00:00","guid":{"rendered":"https:\/\/www.radioribelle.it\/?p=51788"},"modified":"2026-02-24T15:12:09","modified_gmt":"2026-02-24T14:12:09","slug":"ho-imparato-a-sognare","status":"publish","type":"post","link":"https:\/\/www.radioribelle.it\/index.php\/2026\/02\/24\/ho-imparato-a-sognare\/","title":{"rendered":"HO IMPARATO A SOGNARE"},"content":{"rendered":"\n<div class=\"wp-block-image\"><figure class=\"alignright size-full is-resized\"><img loading=\"lazy\" src=\"https:\/\/www.radioribelle.it\/wp-content\/uploads\/2026\/02\/image0.png\" alt=\"\" class=\"wp-image-51789\" width=\"342\" height=\"228\" srcset=\"https:\/\/www.radioribelle.it\/wp-content\/uploads\/2026\/02\/image0.png 1024w, https:\/\/www.radioribelle.it\/wp-content\/uploads\/2026\/02\/image0-300x200.png 300w, https:\/\/www.radioribelle.it\/wp-content\/uploads\/2026\/02\/image0-768x512.png 768w, https:\/\/www.radioribelle.it\/wp-content\/uploads\/2026\/02\/image0-619x413.png 619w\" sizes=\"(max-width: 342px) 100vw, 342px\" \/><\/figure><\/div>\n\n\n\n<p>TEATRO ROMA <u>Dal\u00a026 febbraio all\u20198\u00a0marzo 2025<br><\/u>Dopo il grande successo della scorsa stagione con\u00a0<em>Si vede che era destino<\/em>,\u00a0Luca Giacomozzi\u00a0torna a firmare testo e regia di una nuova, intensa commedia interpretata da Attilio Fontana, Claudia Ferri, Francesca Pausilli ed Emiliano Reggente.\u00a0<\/p>\n\n\n\n<!--more-->\n\n\n\n<p><br><em>Ho imparato a sognare<\/em>&nbsp;\u00e8 un racconto vibrante di ironia e umanit\u00e0 che attraversa le vite di&nbsp;Mirko, Bruno, Michela e Asia, quattro anime agli antipodi, unite da fragilit\u00e0, errori e desideri mai del tutto spenti. Tra cadute, sorrisi e piccole conquiste quotidiane, i protagonisti imparano a fare pace con il passato e a riscoprire il coraggio di guardare avanti. Uno spettacolo che emoziona, fa sorridere e ricorda quanto sia necessario \u2014 oggi pi\u00f9 che mai \u2014 continuare a sognare.<br><em>Ho imparato a sognare<\/em>&nbsp;\u00e8 una commedia brillante, emotiva e profondamente umana, capace di alternare risate e commozione, mostrando come le vite pi\u00f9 ordinarie possano contenere rivoluzioni silenziose. Una storia di amicizia, amore, perdita e rinascita, dove ognuno impara che il coraggio non sta nel non cadere, ma nel continuare a rialzarsi.<\/p>\n\n\n\n<p>Scritto e diretto da&nbsp;Luca GiacomozziCon&nbsp;Attilio Fontana, Claudia Ferri, Emiliano Reggente e Francesca PausilliScenografie:&nbsp;Michele FunghiCostumi:&nbsp;Carlotta De RossiAssistente alla regia:&nbsp;Valentina PastorelloTrucco:&nbsp;Barbara NinettiAudio e luci:&nbsp;Stefano LositoTecnico di palco:&nbsp;Lorenzo De MarcoUfficio stampa:&nbsp;Andrea Cavazzini<\/p>\n\n\n\n<p>&nbsp;Parcheggio custodito \u2013 Via Umbertide, 27&nbsp;Teatro Roma&nbsp;\u2013&nbsp;Via Umbertide, 3 \u2013 00181 RomaOrari botteghino:&nbsp;dal luned\u00ec al sabato&nbsp;dalle ore 16.00&nbsp;alle 20.00<\/p>\n","protected":false},"excerpt":{"rendered":"<p>TEATRO ROMA Dal\u00a026 febbraio all\u20198\u00a0marzo 2025Dopo il grande successo della scorsa stagione con\u00a0Si vede che era destino,\u00a0Luca Giacomozzi\u00a0torna a firmare testo e regia di una nuova, intensa commedia interpretata da Attilio Fontana, Claudia Ferri, Francesca Pausilli ed Emiliano Reggente.\u00a0<\/p>\n","protected":false},"author":1,"featured_media":0,"comment_status":"open","ping_status":"open","sticky":false,"template":"","format":"standard","meta":{"_joinchat":[]},"categories":[1],"tags":[],"_links":{"self":[{"href":"https:\/\/www.radioribelle.it\/index.php\/wp-json\/wp\/v2\/posts\/51788"}],"collection":[{"href":"https:\/\/www.radioribelle.it\/index.php\/wp-json\/wp\/v2\/posts"}],"about":[{"href":"https:\/\/www.radioribelle.it\/index.php\/wp-json\/wp\/v2\/types\/post"}],"author":[{"embeddable":true,"href":"https:\/\/www.radioribelle.it\/index.php\/wp-json\/wp\/v2\/users\/1"}],"replies":[{"embeddable":true,"href":"https:\/\/www.radioribelle.it\/index.php\/wp-json\/wp\/v2\/comments?post=51788"}],"version-history":[{"count":2,"href":"https:\/\/www.radioribelle.it\/index.php\/wp-json\/wp\/v2\/posts\/51788\/revisions"}],"predecessor-version":[{"id":51848,"href":"https:\/\/www.radioribelle.it\/index.php\/wp-json\/wp\/v2\/posts\/51788\/revisions\/51848"}],"wp:attachment":[{"href":"https:\/\/www.radioribelle.it\/index.php\/wp-json\/wp\/v2\/media?parent=51788"}],"wp:term":[{"taxonomy":"category","embeddable":true,"href":"https:\/\/www.radioribelle.it\/index.php\/wp-json\/wp\/v2\/categories?post=51788"},{"taxonomy":"post_tag","embeddable":true,"href":"https:\/\/www.radioribelle.it\/index.php\/wp-json\/wp\/v2\/tags?post=51788"}],"curies":[{"name":"wp","href":"https:\/\/api.w.org\/{rel}","templated":true}]}}