{"id":51960,"date":"2026-02-28T13:31:00","date_gmt":"2026-02-28T12:31:00","guid":{"rendered":"https:\/\/www.radioribelle.it\/?p=51960"},"modified":"2026-02-27T16:26:31","modified_gmt":"2026-02-27T15:26:31","slug":"missione-eurocities-in-turchia","status":"publish","type":"post","link":"https:\/\/www.radioribelle.it\/index.php\/2026\/02\/28\/missione-eurocities-in-turchia\/","title":{"rendered":"Missione Eurocities in Turchia"},"content":{"rendered":"\n<div class=\"wp-block-image\"><figure class=\"alignleft size-large is-resized\"><img loading=\"lazy\" src=\"https:\/\/www.radioribelle.it\/wp-content\/uploads\/2026\/02\/DAVANTI-AL-CARCERE-DI-SILIVRI-1024x768.jpeg\" alt=\"\" class=\"wp-image-51961\" width=\"289\" height=\"217\" srcset=\"https:\/\/www.radioribelle.it\/wp-content\/uploads\/2026\/02\/DAVANTI-AL-CARCERE-DI-SILIVRI-1024x768.jpeg 1024w, https:\/\/www.radioribelle.it\/wp-content\/uploads\/2026\/02\/DAVANTI-AL-CARCERE-DI-SILIVRI-300x225.jpeg 300w, https:\/\/www.radioribelle.it\/wp-content\/uploads\/2026\/02\/DAVANTI-AL-CARCERE-DI-SILIVRI-768x576.jpeg 768w, https:\/\/www.radioribelle.it\/wp-content\/uploads\/2026\/02\/DAVANTI-AL-CARCERE-DI-SILIVRI-1536x1152.jpeg 1536w, https:\/\/www.radioribelle.it\/wp-content\/uploads\/2026\/02\/DAVANTI-AL-CARCERE-DI-SILIVRI-619x464.jpeg 619w, https:\/\/www.radioribelle.it\/wp-content\/uploads\/2026\/02\/DAVANTI-AL-CARCERE-DI-SILIVRI.jpeg 1600w\" sizes=\"(max-width: 289px) 100vw, 289px\" \/><\/figure><\/div>\n\n\n\n<p>il sindaco Alessandro Ghinelli a Istanbul per \u201cMayors for Democracy\u201d. Manifestazione davanti alla prigione di Silivri per la liberazione del sindaco di Istanbul Ekrem \u0130mamo\u011flu Il sindaco Alessandro Ghinelli ha partecipato in Turchia alla missione promossa da Eurocities nell\u2019ambito dell\u2019iniziativa \u201cMayors for Democracy\u201d, a sostegno del Sindaco metropolitano di Istanbul, Ekrem \u0130mamo\u011flu, detenuto da marzo 2025 nel carcere di Silivri.<\/p>\n\n\n\n<!--more-->\n\n\n\n<p>La delegazione ha riunito sindaci e rappresentanti di numerose citt\u00e0 europee con l\u2019obiettivo di riaffermare il valore della governance democratica, dell\u2019autonomia municipale e dello stato di diritto. Nel corso della affollata conferenza stampa tenutasi a Istanbul, Ghinelli ha ribadito che la missione \u201cnon \u00e8 soltanto un atto di solidariet\u00e0 personale verso un collega democraticamente eletto, ma una riflessione pi\u00f9 ampia sul ruolo fondamentale delle amministrazioni locali nel costruire societ\u00e0 giuste, inclusive e sostenibili\u201d e ha proposto alle citt\u00e0 della rete di Eurocities di conferire la cittadinanza onoraria al sindaco \u0130mamo\u011flu, un atto in grado di garantire visibilit\u00e0 affinch\u00e9 le autorit\u00e0 turche decidano per la sua liberazione. Nel suo intervento, il sindaco ha sottolineato anche come le citt\u00e0 rappresentino il primo livello di governo vicino ai cittadini: luoghi in cui si realizzano concretamente le politiche pubbliche, si costruisce coesione sociale e si affrontano sfide decisive quali cambiamento climatico, mobilit\u00e0 sostenibile, trasformazione digitale, inclusione sociale e resilienza alle crisi. \u201cLa tutela dell\u2019autonomia locale, la partecipazione democratica e il rispetto dello stato di diritto \u2013 ha dichiarato \u2013 sono pilastri essenziali per la stabilit\u00e0 e lo sviluppo dei nostri Paesi\u201d.<\/p>\n\n\n\n<p>Durante la missione, Ghinelli ha inoltre inviato un messaggio personale al sindaco \u0130mamo\u011flu, esprimendo a nome della citt\u00e0 di Arezzo \u201cla pi\u00f9 sincera vicinanza e solidariet\u00e0\u201d e auspicandone \u201cl\u2019immediata liberazione e il pieno ripristino delle condizioni per l\u2019esercizio del mandato democratico\u201d. Nel testo, il sindaco ha ribadito la condanna di ogni forma di pressione o limitazione delle libert\u00e0 municipali e ha richiamato con forza i valori del pluralismo, della giustizia e del rispetto delle libert\u00e0 fondamentali.<\/p>\n\n\n\n<p>Un momento particolarmente significativo della missione \u00e8 stata la manifestazione davanti al carcere in cui \u00e8 detenuto il sindaco di Istanbul. Insieme ai primi cittadini di Ghent, Zagabria e Oslo, Alessandro Ghinelli ha preso parte a un presidio simbolico per chiedere la liberazione di \u0130mamo\u011flu e per riaffermare, in modo pacifico e determinato, il principio che l\u2019autonomia municipale \u00e8 un elemento imprescindibile della democrazia europea.<\/p>\n\n\n\n<p>Nella giornata odierna Ghinelli sar\u00e0 ad Ankara per un incontro con il sindaco della citt\u00e0 Mansur Yavas e parteciper\u00e0 al meeting UMT (Unione delle Municipalit\u00e0 della Turchia).<\/p>\n","protected":false},"excerpt":{"rendered":"<p>il sindaco Alessandro Ghinelli a Istanbul per \u201cMayors for Democracy\u201d. Manifestazione davanti alla prigione di Silivri per la liberazione del sindaco di Istanbul Ekrem \u0130mamo\u011flu Il sindaco Alessandro Ghinelli ha partecipato in Turchia alla missione promossa da Eurocities nell\u2019ambito dell\u2019iniziativa \u201cMayors for Democracy\u201d, a sostegno del Sindaco metropolitano di Istanbul, Ekrem \u0130mamo\u011flu, detenuto da marzo [&hellip;]<\/p>\n","protected":false},"author":1,"featured_media":0,"comment_status":"open","ping_status":"open","sticky":false,"template":"","format":"standard","meta":{"_joinchat":[]},"categories":[1],"tags":[],"_links":{"self":[{"href":"https:\/\/www.radioribelle.it\/index.php\/wp-json\/wp\/v2\/posts\/51960"}],"collection":[{"href":"https:\/\/www.radioribelle.it\/index.php\/wp-json\/wp\/v2\/posts"}],"about":[{"href":"https:\/\/www.radioribelle.it\/index.php\/wp-json\/wp\/v2\/types\/post"}],"author":[{"embeddable":true,"href":"https:\/\/www.radioribelle.it\/index.php\/wp-json\/wp\/v2\/users\/1"}],"replies":[{"embeddable":true,"href":"https:\/\/www.radioribelle.it\/index.php\/wp-json\/wp\/v2\/comments?post=51960"}],"version-history":[{"count":1,"href":"https:\/\/www.radioribelle.it\/index.php\/wp-json\/wp\/v2\/posts\/51960\/revisions"}],"predecessor-version":[{"id":51962,"href":"https:\/\/www.radioribelle.it\/index.php\/wp-json\/wp\/v2\/posts\/51960\/revisions\/51962"}],"wp:attachment":[{"href":"https:\/\/www.radioribelle.it\/index.php\/wp-json\/wp\/v2\/media?parent=51960"}],"wp:term":[{"taxonomy":"category","embeddable":true,"href":"https:\/\/www.radioribelle.it\/index.php\/wp-json\/wp\/v2\/categories?post=51960"},{"taxonomy":"post_tag","embeddable":true,"href":"https:\/\/www.radioribelle.it\/index.php\/wp-json\/wp\/v2\/tags?post=51960"}],"curies":[{"name":"wp","href":"https:\/\/api.w.org\/{rel}","templated":true}]}}