{"id":52301,"date":"2026-03-10T13:32:00","date_gmt":"2026-03-10T12:32:00","guid":{"rendered":"https:\/\/www.radioribelle.it\/?p=52301"},"modified":"2026-03-09T19:42:55","modified_gmt":"2026-03-09T18:42:55","slug":"il-nuovo-parcheggio-dellex-scuola-garibaldi-apre-con-il-tutto-esaurito","status":"publish","type":"post","link":"https:\/\/www.radioribelle.it\/index.php\/2026\/03\/10\/il-nuovo-parcheggio-dellex-scuola-garibaldi-apre-con-il-tutto-esaurito\/","title":{"rendered":"Il nuovo parcheggio dell\u2019ex scuola Garibaldi apre con il tutto esaurito"},"content":{"rendered":"\n<div class=\"wp-block-image\"><figure class=\"alignright size-large is-resized\"><img loading=\"lazy\" src=\"https:\/\/www.radioribelle.it\/wp-content\/uploads\/2026\/03\/Primo-giorno-parcheggio-ex-Garibaldi_1275x960-1024x771.jpg\" alt=\"\" class=\"wp-image-52302\" width=\"283\" height=\"213\" srcset=\"https:\/\/www.radioribelle.it\/wp-content\/uploads\/2026\/03\/Primo-giorno-parcheggio-ex-Garibaldi_1275x960-1024x771.jpg 1024w, https:\/\/www.radioribelle.it\/wp-content\/uploads\/2026\/03\/Primo-giorno-parcheggio-ex-Garibaldi_1275x960-300x226.jpg 300w, https:\/\/www.radioribelle.it\/wp-content\/uploads\/2026\/03\/Primo-giorno-parcheggio-ex-Garibaldi_1275x960-768x578.jpg 768w, https:\/\/www.radioribelle.it\/wp-content\/uploads\/2026\/03\/Primo-giorno-parcheggio-ex-Garibaldi_1275x960-619x466.jpg 619w, https:\/\/www.radioribelle.it\/wp-content\/uploads\/2026\/03\/Primo-giorno-parcheggio-ex-Garibaldi_1275x960.jpg 1275w\" sizes=\"(max-width: 283px) 100vw, 283px\" \/><\/figure><\/div>\n\n\n\n<p>Posti esauriti in poche ore, stamattina, nel nuovo parcheggio dell\u2019ex scuola Garibaldi. Nel primo giorno di apertura, l\u2019area per la sosta completamente gratuita da 92 stalli \u00e8 apparsa subito la risposta di cui c\u2019era bisogno a servizio del centro storico. A testimoniarlo \u00e8 stato l\u2019andirivieni costante di auto all\u2019interno del posteggio, complice la bella giornata di sole che ha invogliato molti cittadini a raggiungere il cuore della citt\u00e0. Insieme alla nuova area della sosta, infatti, gi\u00e0 dopo le 10.00 del mattino erano praticamente pieni anche tutti gli altri parcheggi attorno alla cinta muraria. <\/p>\n\n\n\n<!--more-->\n\n\n\n<p>Pur essendo una soluzione provvisoria pensata per mettere a disposizione della collettivit\u00e0 uno spazio strategico a due passi dalle piazze principali di Citt\u00e0 di Castello, come evidenzia la scelta di posare sulla superficie ghiaia, anzich\u00e9 asfalto, in attesa dei futuri sviluppi edilizi e urbanistici della zona che riguardano il progetto di piazza Burri, il nuovo parcheggio si \u00e8 confermato il promettente punto di appoggio a beneficio di chi vuol raggiungere velocemente il centro storico per il quale \u00e8 stato concepito. Un valore aggiunto per le attivit\u00e0 economiche e professionali, ma anche per le manifestazioni che hanno sede all\u2019interno delle mura urbiche. L\u2019amministrazione comunale sottolinea che nei prossimi giorni verr\u00e0 completata la segnaletica all\u2019interno del parcheggio e sar\u00e0 potenziata l\u2019illuminazione pubblica.<\/p>\n","protected":false},"excerpt":{"rendered":"<p>Posti esauriti in poche ore, stamattina, nel nuovo parcheggio dell\u2019ex scuola Garibaldi. Nel primo giorno di apertura, l\u2019area per la sosta completamente gratuita da 92 stalli \u00e8 apparsa subito la risposta di cui c\u2019era bisogno a servizio del centro storico. A testimoniarlo \u00e8 stato l\u2019andirivieni costante di auto all\u2019interno del posteggio, complice la bella giornata [&hellip;]<\/p>\n","protected":false},"author":1,"featured_media":0,"comment_status":"open","ping_status":"open","sticky":false,"template":"","format":"standard","meta":{"_joinchat":[]},"categories":[1],"tags":[],"_links":{"self":[{"href":"https:\/\/www.radioribelle.it\/index.php\/wp-json\/wp\/v2\/posts\/52301"}],"collection":[{"href":"https:\/\/www.radioribelle.it\/index.php\/wp-json\/wp\/v2\/posts"}],"about":[{"href":"https:\/\/www.radioribelle.it\/index.php\/wp-json\/wp\/v2\/types\/post"}],"author":[{"embeddable":true,"href":"https:\/\/www.radioribelle.it\/index.php\/wp-json\/wp\/v2\/users\/1"}],"replies":[{"embeddable":true,"href":"https:\/\/www.radioribelle.it\/index.php\/wp-json\/wp\/v2\/comments?post=52301"}],"version-history":[{"count":1,"href":"https:\/\/www.radioribelle.it\/index.php\/wp-json\/wp\/v2\/posts\/52301\/revisions"}],"predecessor-version":[{"id":52303,"href":"https:\/\/www.radioribelle.it\/index.php\/wp-json\/wp\/v2\/posts\/52301\/revisions\/52303"}],"wp:attachment":[{"href":"https:\/\/www.radioribelle.it\/index.php\/wp-json\/wp\/v2\/media?parent=52301"}],"wp:term":[{"taxonomy":"category","embeddable":true,"href":"https:\/\/www.radioribelle.it\/index.php\/wp-json\/wp\/v2\/categories?post=52301"},{"taxonomy":"post_tag","embeddable":true,"href":"https:\/\/www.radioribelle.it\/index.php\/wp-json\/wp\/v2\/tags?post=52301"}],"curies":[{"name":"wp","href":"https:\/\/api.w.org\/{rel}","templated":true}]}}