{"id":5243,"date":"2022-09-14T09:32:00","date_gmt":"2022-09-14T07:32:00","guid":{"rendered":"https:\/\/www.radioribelle.it\/?p=5243"},"modified":"2022-09-13T18:51:53","modified_gmt":"2022-09-13T16:51:53","slug":"centro-aggregazione-sociale-pescaiola-venerdi-prossimo-cena-sociale-e-attivita-ricreative","status":"publish","type":"post","link":"https:\/\/www.radioribelle.it\/index.php\/2022\/09\/14\/centro-aggregazione-sociale-pescaiola-venerdi-prossimo-cena-sociale-e-attivita-ricreative\/","title":{"rendered":"Centro Aggregazione Sociale Pescaiola: venerd\u00ec prossimo cena sociale e attivit\u00e0 ricreative"},"content":{"rendered":"\n<div class=\"wp-block-image\"><figure class=\"alignleft size-full is-resized\"><img loading=\"lazy\" src=\"https:\/\/www.radioribelle.it\/wp-content\/uploads\/2022\/09\/manifestocena_CASPescaiola_660x960.jpg\" alt=\"\" class=\"wp-image-5244\" width=\"145\" height=\"210\" srcset=\"https:\/\/www.radioribelle.it\/wp-content\/uploads\/2022\/09\/manifestocena_CASPescaiola_660x960.jpg 660w, https:\/\/www.radioribelle.it\/wp-content\/uploads\/2022\/09\/manifestocena_CASPescaiola_660x960-206x300.jpg 206w, https:\/\/www.radioribelle.it\/wp-content\/uploads\/2022\/09\/manifestocena_CASPescaiola_660x960-619x900.jpg 619w\" sizes=\"(max-width: 145px) 100vw, 145px\" \/><\/figure><\/div>\n\n\n\n<p>Arezzo &#8211; Il Centro di Aggregazione Sociale Pescaiola organizza venerd\u00ec prossimo, 16 settembre, una cena sociale a base di pesce. La cena sar\u00e0 l&#8217;occasione per rilanciare le attivit\u00e0 del circolo; il pi\u00f9 grande centro di aggregazione sociale delle citt\u00e0 di Arezzo.\u00a0Sono pi\u00f9 di quattrocento, infatti, i cittadini e le cittadine aretine che animano le attivit\u00e0 del circolo.\u00a0Cultura, aggregazione e ricreazione: queste le principali progettualit\u00e0 che illustreremo venerd\u00ec sera.\u00a0<\/p>\n","protected":false},"excerpt":{"rendered":"<p>Arezzo &#8211; Il Centro di Aggregazione Sociale Pescaiola organizza venerd\u00ec prossimo, 16 settembre, una cena sociale a base di pesce. La cena sar\u00e0 l&#8217;occasione per rilanciare le attivit\u00e0 del circolo; il pi\u00f9 grande centro di aggregazione sociale delle citt\u00e0 di Arezzo.\u00a0Sono pi\u00f9 di quattrocento, infatti, i cittadini e le cittadine aretine che animano le attivit\u00e0 [&hellip;]<\/p>\n","protected":false},"author":1,"featured_media":0,"comment_status":"open","ping_status":"open","sticky":false,"template":"","format":"standard","meta":{"_joinchat":[]},"categories":[1],"tags":[],"_links":{"self":[{"href":"https:\/\/www.radioribelle.it\/index.php\/wp-json\/wp\/v2\/posts\/5243"}],"collection":[{"href":"https:\/\/www.radioribelle.it\/index.php\/wp-json\/wp\/v2\/posts"}],"about":[{"href":"https:\/\/www.radioribelle.it\/index.php\/wp-json\/wp\/v2\/types\/post"}],"author":[{"embeddable":true,"href":"https:\/\/www.radioribelle.it\/index.php\/wp-json\/wp\/v2\/users\/1"}],"replies":[{"embeddable":true,"href":"https:\/\/www.radioribelle.it\/index.php\/wp-json\/wp\/v2\/comments?post=5243"}],"version-history":[{"count":1,"href":"https:\/\/www.radioribelle.it\/index.php\/wp-json\/wp\/v2\/posts\/5243\/revisions"}],"predecessor-version":[{"id":5245,"href":"https:\/\/www.radioribelle.it\/index.php\/wp-json\/wp\/v2\/posts\/5243\/revisions\/5245"}],"wp:attachment":[{"href":"https:\/\/www.radioribelle.it\/index.php\/wp-json\/wp\/v2\/media?parent=5243"}],"wp:term":[{"taxonomy":"category","embeddable":true,"href":"https:\/\/www.radioribelle.it\/index.php\/wp-json\/wp\/v2\/categories?post=5243"},{"taxonomy":"post_tag","embeddable":true,"href":"https:\/\/www.radioribelle.it\/index.php\/wp-json\/wp\/v2\/tags?post=5243"}],"curies":[{"name":"wp","href":"https:\/\/api.w.org\/{rel}","templated":true}]}}