{"id":52446,"date":"2026-03-12T13:32:00","date_gmt":"2026-03-12T12:32:00","guid":{"rendered":"https:\/\/www.radioribelle.it\/?p=52446"},"modified":"2026-03-12T14:29:40","modified_gmt":"2026-03-12T13:29:40","slug":"macellai-confcommercio-e-caritas-unamicizia-lunga-12-anni","status":"publish","type":"post","link":"https:\/\/www.radioribelle.it\/index.php\/2026\/03\/12\/macellai-confcommercio-e-caritas-unamicizia-lunga-12-anni\/","title":{"rendered":"MACELLAI CONFCOMMERCIO E CARITAS, UN\u2019AMICIZIA LUNGA 12 ANNI"},"content":{"rendered":"\n<div class=\"wp-block-image\"><figure class=\"alignright size-large is-resized\"><img loading=\"lazy\" src=\"https:\/\/www.radioribelle.it\/wp-content\/uploads\/2026\/03\/WhatsApp-Image-2026-03-10-at-15.11.31-1024x771.jpeg\" alt=\"\" class=\"wp-image-52447\" width=\"211\" height=\"159\" srcset=\"https:\/\/www.radioribelle.it\/wp-content\/uploads\/2026\/03\/WhatsApp-Image-2026-03-10-at-15.11.31-1024x771.jpeg 1024w, https:\/\/www.radioribelle.it\/wp-content\/uploads\/2026\/03\/WhatsApp-Image-2026-03-10-at-15.11.31-300x226.jpeg 300w, https:\/\/www.radioribelle.it\/wp-content\/uploads\/2026\/03\/WhatsApp-Image-2026-03-10-at-15.11.31-768x578.jpeg 768w, https:\/\/www.radioribelle.it\/wp-content\/uploads\/2026\/03\/WhatsApp-Image-2026-03-10-at-15.11.31-1536x1156.jpeg 1536w, https:\/\/www.radioribelle.it\/wp-content\/uploads\/2026\/03\/WhatsApp-Image-2026-03-10-at-15.11.31-619x466.jpeg 619w, https:\/\/www.radioribelle.it\/wp-content\/uploads\/2026\/03\/WhatsApp-Image-2026-03-10-at-15.11.31.jpeg 1600w\" sizes=\"(max-width: 211px) 100vw, 211px\" \/><\/figure><\/div>\n\n\n\n<p><em>Ogni settimana trenta chili di carne donata alle Mense e alle Accoglienze Caritas dall\u2019Associazione Macellai di Confcommercio; fondamentale anche il loro contributo per l\u2019iniziativa del 6 gennaio scorso promossa dagli scout dell\u2019Arezzo 14 che ha permesso di donare 1.300 euro alla Caritas diocesana<\/em><\/p>\n\n\n\n<!--more-->\n\n\n\n<p>La solidariet\u00e0 \u00e8 un gesto concreto che passa dalla tavola. Accade ad Arezzo, dove l\u2019Associazione Macellai di&nbsp;Confcommercio, guidata dal presidente&nbsp;Alberto Rossi, continua a sostenere la Mensa della Caritas Diocesana offrendo ogni settimana 30 chili di carne selezionata, ormai dal 2014. Compie 12 anni infatti la collaborazione tra l\u2019Associazione Macellai di Confcommercio e la Caritas diocesana. Una sinergia che ha permesso di raccogliere e donare carne fresca e di alta qualit\u00e0 per i servizi della rete Caritas, in primis le Mense diurne e serali che nel solo 2025 ha erogato circa 25mila pasti. Cos\u00ec, direttamente dai banchi delle macellerie, arrivano specialit\u00e0 e tagli diversi per arricchire la tavola delle tante persone che ogni giorno consumano i pasti nelle Mense, allestita oggi nelle sale della parrocchia di San Domenico<em>.<\/em><\/p>\n\n\n\n<p>\u201cLe nostre macellerie sono eredi della grande&nbsp;tradizione alimentare del nostro territorio, che intendiamo onorare e contraccambiare con la semplicit\u00e0 di questo gesto, che ci permette di sostenere la Caritas diocesana, sempre vicina a chi ha bisogno\u201d,&nbsp;ha sottolineato il presidente dell\u2019Associazione Macellai di Confcommercio Alberto Rossi,&nbsp;\u201csono stati anni molto intensi, ma non abbiamo mai abbandonato la Caritas, con uno sforzo importante di tutta la categoria. Ringraziamo tutti i grossisti e i produttori che ci hanno confermato la stima di sempre aiutandoci a portare avanti il nostro impegno\u201d. &nbsp; \u201cAttraverso una categoria importante come i Macellai la nostra associazione conferma la sua vocazione alla solidariet\u00e0 e all\u2019impegno sociale&nbsp;\u2013 ha affermato Catiuscia Fei, direttore aggiunto della Confcommercio \u2013&nbsp;grazie all\u2019impegno dei nostri macellai possiamo recuperare quella cultura della prossimit\u00e0 che fa parte della nostra storia. Quell\u2019impegno e quella stessa vocazione che nel 1978, grazie all\u2019intuizione di alcuni imprenditori, ha fatto nascere il Calcit (Comitato Autonomo Lotta contro I Tumori), che ancora oggi svolge un ruolo fondamentale per la nostra comunit\u00e0\u201d. \u201cPer noi \u2013&nbsp;ha spiegato mons. Fabrizio Vantini, direttore della Caritas diocesana&nbsp;&#8211; \u00e8 un\u2019occasione bellissima per dire grazie ai macellai di Confcommercio per quello che hanno fatto in tutti questi lunghi anni e per quello che continueranno a fare. La loro presenza \u00e8 un segno grande per tutta la diocesi ed \u00e8 per noi un sostegno fondamentale che ci permette di aiutare un gran numero di persone. Vogliamo vivere questo momento come un\u2019occasione di gratitudine a Dio per averci donato queste persone e una gratitudine a queste persone per tutto quello che fanno\u201d. Oltre che nelle Mense, la carne viene utilizzata anche nelle Case di Accoglienza per persone in difficolt\u00e0, come nella Casa di prima accoglienza \u201cSan Vincenzo\u201d, che ha una capienza di 26 persone e nella Casa Santa Luisa, che ospita nuclei familiari bisognosi (attualmente 4, per un totale di 16 persone). Un servizio portato avanti con costanza, grazie all\u2019impegno di operatori e volontari della Caritas diocesana e grazie alla generosit\u00e0 e professionalit\u00e0 dei macellai aderenti alla Confcommercio che ha permesso di raccogliere e redistribuire, oltre che ai 30 chili di carne fresca ogni settimana, a necessit\u00e0 impreviste o eventi straordinari.<\/p>\n\n\n\n<p>Va in questa direzione l\u2019iniziativa svoltasi il 6 gennaio scorso, quando grazie all\u2019impegno dei ragazzi del clan e noviziato (i ragazzi tra i 16 e 20 anni) del Gruppo scout Arezzo 14 dell\u2019Agesci \u00e8 stato organizzato all\u2019interno della basilica di San Domenico, insieme alla parrocchia e alla Caritas diocesana, un pranzo speciale per festeggiare in parrocchia l\u2019Epifania. Un momento di fraternit\u00e0 che ha visto partecipare le persone che solitamente frequentano la Mensa, le famiglie degli scout, parrocchiani, anziani soli, le realt\u00e0 caritative del territorio parrocchiale con in prima linea l\u2019associazione Federico Bindi e Thevenin e tante persone che hanno voluto condividere un momento comunitario all\u2019insegna della solidariet\u00e0. Nell\u2019occasione sono state messe a tavola quasi 200 persone e sono stati consegnati circa 100 regali ai partecipanti (piccoli giochi, pennarelli, cioccolatini, creme e profumi, magliette, vestiti pesanti, buoni colazione, ecc\u2026) offerti dagli esercenti del territorio. Anche in questa occasione i macellai di Confcommercio hanno aggiunto, oltre alle consuete donazioni settimanali, circa 25 chili di fesa di tacchino per questo evento. Un\u2019iniziativa che, tolte le spese, ha permesso di raccogliere 1.300 euro che i ragazzi del clan del Gruppo scout Agesci Arezzo 14, hanno donato alla Caritas diocesana. \u201cI ragazzi e le ragazze del Clan \u2018Sangue Pazzo\u2019 \u2013&nbsp;ha detto&nbsp;Enrico Neri, maestro dei novizi de del Gruppo Arezzo 14&nbsp;&#8211; hanno deciso di impegnarsi nell\u2019organizzazione di questo pranzo dove non sentirsi ospiti, ma in famiglia, soprattutto durante il periodo delle festivit\u00e0 natalizie, per avere l\u2019opportunit\u00e0 di celebrarle insieme, parlare e scartare regali. Il nostro grazie va alla cittadinanza e alle imprese che si sono mosse con generosit\u00e0, mettendo a disposizione i prodotti da regalare. Questa idea nata dai nostri Rover e Scolte (i ragazzi tra i 16 e 20 anni) \u00e8 la conferma che i giovani hanno a cuore il territorio e le realt\u00e0 che lo abitano. Il primo contatto \u00e8 stato con la parrocchia e con la Mensa, in cui i ragazzi svolgono servizio durante la settimana e si \u00e8 poi allargato alle altre realt\u00e0. L\u2019iniziativa che \u00e8 stata davvero una festa per tutti, vorrebbe essere l\u2019inizio di una tradizione di convivialit\u00e0 che vorremmo portare avanti, coinvolgendo la parrocchia e le associazioni perch\u00e9 possa diventare un momento atteso, di gioia e condivisione\u201d.<br>Luca Primavera<\/p>\n","protected":false},"excerpt":{"rendered":"<p>Ogni settimana trenta chili di carne donata alle Mense e alle Accoglienze Caritas dall\u2019Associazione Macellai di Confcommercio; fondamentale anche il loro contributo per l\u2019iniziativa del 6 gennaio scorso promossa dagli scout dell\u2019Arezzo 14 che ha permesso di donare 1.300 euro alla Caritas diocesana<\/p>\n","protected":false},"author":1,"featured_media":0,"comment_status":"open","ping_status":"open","sticky":false,"template":"","format":"standard","meta":{"_joinchat":[]},"categories":[1],"tags":[],"_links":{"self":[{"href":"https:\/\/www.radioribelle.it\/index.php\/wp-json\/wp\/v2\/posts\/52446"}],"collection":[{"href":"https:\/\/www.radioribelle.it\/index.php\/wp-json\/wp\/v2\/posts"}],"about":[{"href":"https:\/\/www.radioribelle.it\/index.php\/wp-json\/wp\/v2\/types\/post"}],"author":[{"embeddable":true,"href":"https:\/\/www.radioribelle.it\/index.php\/wp-json\/wp\/v2\/users\/1"}],"replies":[{"embeddable":true,"href":"https:\/\/www.radioribelle.it\/index.php\/wp-json\/wp\/v2\/comments?post=52446"}],"version-history":[{"count":2,"href":"https:\/\/www.radioribelle.it\/index.php\/wp-json\/wp\/v2\/posts\/52446\/revisions"}],"predecessor-version":[{"id":52449,"href":"https:\/\/www.radioribelle.it\/index.php\/wp-json\/wp\/v2\/posts\/52446\/revisions\/52449"}],"wp:attachment":[{"href":"https:\/\/www.radioribelle.it\/index.php\/wp-json\/wp\/v2\/media?parent=52446"}],"wp:term":[{"taxonomy":"category","embeddable":true,"href":"https:\/\/www.radioribelle.it\/index.php\/wp-json\/wp\/v2\/categories?post=52446"},{"taxonomy":"post_tag","embeddable":true,"href":"https:\/\/www.radioribelle.it\/index.php\/wp-json\/wp\/v2\/tags?post=52446"}],"curies":[{"name":"wp","href":"https:\/\/api.w.org\/{rel}","templated":true}]}}