{"id":52450,"date":"2026-03-12T17:38:00","date_gmt":"2026-03-12T16:38:00","guid":{"rendered":"https:\/\/www.radioribelle.it\/?p=52450"},"modified":"2026-03-12T12:40:00","modified_gmt":"2026-03-12T11:40:00","slug":"ospedale-della-valtiberina-lavori-al-pronto-soccorso-modifiche-temporanee-alla-viabilita","status":"publish","type":"post","link":"https:\/\/www.radioribelle.it\/index.php\/2026\/03\/12\/ospedale-della-valtiberina-lavori-al-pronto-soccorso-modifiche-temporanee-alla-viabilita\/","title":{"rendered":"Ospedale della Valtiberina, lavori al Pronto Soccorso: modifiche temporanee alla viabilit\u00e0"},"content":{"rendered":"\n<div class=\"wp-block-image\"><figure class=\"alignright size-large is-resized\"><img loading=\"lazy\" src=\"https:\/\/www.radioribelle.it\/wp-content\/uploads\/2026\/03\/OSPEDALE-DELLA-VALTIBERINA-1024x576.jpeg\" alt=\"\" class=\"wp-image-52451\" width=\"321\" height=\"180\" srcset=\"https:\/\/www.radioribelle.it\/wp-content\/uploads\/2026\/03\/OSPEDALE-DELLA-VALTIBERINA-1024x576.jpeg 1024w, https:\/\/www.radioribelle.it\/wp-content\/uploads\/2026\/03\/OSPEDALE-DELLA-VALTIBERINA-300x169.jpeg 300w, https:\/\/www.radioribelle.it\/wp-content\/uploads\/2026\/03\/OSPEDALE-DELLA-VALTIBERINA-768x432.jpeg 768w, https:\/\/www.radioribelle.it\/wp-content\/uploads\/2026\/03\/OSPEDALE-DELLA-VALTIBERINA-619x348.jpeg 619w, https:\/\/www.radioribelle.it\/wp-content\/uploads\/2026\/03\/OSPEDALE-DELLA-VALTIBERINA.jpeg 1280w\" sizes=\"(max-width: 321px) 100vw, 321px\" \/><\/figure><\/div>\n\n\n\n<p><em>Da domani 13 marzo riorganizzati accessi e parcheggi per consentire l\u2019avvio del cantiere e garantire la continuit\u00e0 del servizio sanitario<\/em><br>In vista dell\u2019avvio dei lavori programmati al Pronto Soccorso dell\u2019Ospedale della Valtiberina, previsto per luned\u00ec 16 marzo, a partire da domani, venerd\u00ec 13 marzo, saranno attivate alcune modifiche temporanee alla viabilit\u00e0 e agli spazi di accesso all\u2019area sanitaria fino alla fine dei lavori.<\/p>\n\n\n\n<!--more-->\n\n\n\n<p> Le misure sono state predisposte per consentire lo svolgimento dei lavori garantendo allo stesso tempo la piena operativit\u00e0 del servizio di emergenza.<br>Nel dettaglio:<\/p>\n\n\n\n<ul><li>Sar\u00e0 chiuso l\u2019attuale passo carrabile di accesso al Pronto Soccorso, sia in ingresso che in uscita.<\/li><li>Ambulanze e altri mezzi di soccorso accederanno temporaneamente dall\u2019ingresso pedonale del Pronto Soccorso, situato di fronte alla portineria dell\u2019ospedale. Per facilitare il passaggio dei mezzi sar\u00e0 delimitata un\u2019apposita corsia.<\/li><\/ul>\n\n\n\n<p>Tutte le modifiche saranno segnalate con apposita cartellonistica informativa e di indirizzamento, per facilitare l\u2019accesso ai servizi e ridurre i disagi per utenti e visitatori. La Asl Toscana sud est, scusandosi per eventuali disagi, invita la cittadinanza a prestare attenzione alla segnaletica e ringrazia per la collaborazione durante lo svolgimento dei lavori, necessari al miglioramento degli spazi e dei servizi del Pronto Soccorso.<\/p>\n","protected":false},"excerpt":{"rendered":"<p>Da domani 13 marzo riorganizzati accessi e parcheggi per consentire l\u2019avvio del cantiere e garantire la continuit\u00e0 del servizio sanitarioIn vista dell\u2019avvio dei lavori programmati al Pronto Soccorso dell\u2019Ospedale della Valtiberina, previsto per luned\u00ec 16 marzo, a partire da domani, venerd\u00ec 13 marzo, saranno attivate alcune modifiche temporanee alla viabilit\u00e0 e agli spazi di accesso [&hellip;]<\/p>\n","protected":false},"author":1,"featured_media":0,"comment_status":"open","ping_status":"open","sticky":false,"template":"","format":"standard","meta":{"_joinchat":[]},"categories":[1],"tags":[],"_links":{"self":[{"href":"https:\/\/www.radioribelle.it\/index.php\/wp-json\/wp\/v2\/posts\/52450"}],"collection":[{"href":"https:\/\/www.radioribelle.it\/index.php\/wp-json\/wp\/v2\/posts"}],"about":[{"href":"https:\/\/www.radioribelle.it\/index.php\/wp-json\/wp\/v2\/types\/post"}],"author":[{"embeddable":true,"href":"https:\/\/www.radioribelle.it\/index.php\/wp-json\/wp\/v2\/users\/1"}],"replies":[{"embeddable":true,"href":"https:\/\/www.radioribelle.it\/index.php\/wp-json\/wp\/v2\/comments?post=52450"}],"version-history":[{"count":1,"href":"https:\/\/www.radioribelle.it\/index.php\/wp-json\/wp\/v2\/posts\/52450\/revisions"}],"predecessor-version":[{"id":52452,"href":"https:\/\/www.radioribelle.it\/index.php\/wp-json\/wp\/v2\/posts\/52450\/revisions\/52452"}],"wp:attachment":[{"href":"https:\/\/www.radioribelle.it\/index.php\/wp-json\/wp\/v2\/media?parent=52450"}],"wp:term":[{"taxonomy":"category","embeddable":true,"href":"https:\/\/www.radioribelle.it\/index.php\/wp-json\/wp\/v2\/categories?post=52450"},{"taxonomy":"post_tag","embeddable":true,"href":"https:\/\/www.radioribelle.it\/index.php\/wp-json\/wp\/v2\/tags?post=52450"}],"curies":[{"name":"wp","href":"https:\/\/api.w.org\/{rel}","templated":true}]}}