{"id":52587,"date":"2026-03-15T06:52:00","date_gmt":"2026-03-15T05:52:00","guid":{"rendered":"https:\/\/www.radioribelle.it\/?p=52587"},"modified":"2026-03-14T21:54:51","modified_gmt":"2026-03-14T20:54:51","slug":"il-14-marzo-1883-moriva-karl-heinrich-marx-filosofo-economista-e-rivoluzionario","status":"publish","type":"post","link":"https:\/\/www.radioribelle.it\/index.php\/2026\/03\/15\/il-14-marzo-1883-moriva-karl-heinrich-marx-filosofo-economista-e-rivoluzionario\/","title":{"rendered":"Il 14 marzo 1883 moriva Karl Heinrich Marx, filosofo, economista e rivoluzionario"},"content":{"rendered":"\n<div class=\"wp-block-image\"><figure class=\"alignleft size-full is-resized\"><img loading=\"lazy\" src=\"https:\/\/www.radioribelle.it\/wp-content\/uploads\/2026\/03\/carlo-marx.jpg\" alt=\"\" class=\"wp-image-52588\" width=\"242\" height=\"302\" srcset=\"https:\/\/www.radioribelle.it\/wp-content\/uploads\/2026\/03\/carlo-marx.jpg 512w, https:\/\/www.radioribelle.it\/wp-content\/uploads\/2026\/03\/carlo-marx-240x300.jpg 240w\" sizes=\"(max-width: 242px) 100vw, 242px\" \/><\/figure><\/div>\n\n\n\n<p>Il 14 marzo 1883 moriva Karl Heinrich Marx, filosofo, economista e rivoluzionario, tra i pi\u00f9 grandi pensatori della storia moderna.Nel 1848, insieme a Friedrich Engels, pubblic\u00f2 il Manifesto del Partito Comunista, un testo destinato a cambiare per sempre il pensiero politico e sociale.L\u2019impegno nei moti rivoluzionari del 1848 e la sua attivit\u00e0 politica gli costarono l\u2019esilio dalla Francia, costringendolo a trasferirsi a Londra, dove visse gran parte della sua vita.<\/p>\n\n\n\n<!--more-->\n\n\n\n<p>Proprio a Londra Marx prosegu\u00ec i suoi studi economici e filosofici, arrivando a pubblicare nel 1867 il primo volume de Il Capitale, opera fondamentale del pensiero socio-scientifico dell\u2019Ottocento.Le sue analisi sul funzionamento del capitalismo e sul conflitto tra capitale e lavoro diventeranno la base teorica su cui, nel secolo successivo, si svilupper\u00e0 la pi\u00f9 grande rivoluzione della storia contemporanea: la Rivoluzione d&#8217;Ottobre.Ieri come oggi, tutto ci\u00f2 che ci circonda \u00e8 attraversato dal conflitto di classe:tra chi sfrutta e chi viene sfruttato.Questo \u00e8 stato \u2014 ed \u00e8 \u2014 il significato profondo del comunismo:rovesciare un sistema fondato sul profitto di pochi e liberare dalle catene dell\u2019oppressione le masse popolari, restituendo alla societ\u00e0 la storia, la scienza, l\u2019arte e la cultura, sottraendole al dominio dei potenti.Proletari di tutti i paesi, unitevi<\/p>\n","protected":false},"excerpt":{"rendered":"<p>Il 14 marzo 1883 moriva Karl Heinrich Marx, filosofo, economista e rivoluzionario, tra i pi\u00f9 grandi pensatori della storia moderna.Nel 1848, insieme a Friedrich Engels, pubblic\u00f2 il Manifesto del Partito Comunista, un testo destinato a cambiare per sempre il pensiero politico e sociale.L\u2019impegno nei moti rivoluzionari del 1848 e la sua attivit\u00e0 politica gli costarono [&hellip;]<\/p>\n","protected":false},"author":1,"featured_media":0,"comment_status":"open","ping_status":"open","sticky":false,"template":"","format":"standard","meta":{"_joinchat":[]},"categories":[1],"tags":[],"_links":{"self":[{"href":"https:\/\/www.radioribelle.it\/index.php\/wp-json\/wp\/v2\/posts\/52587"}],"collection":[{"href":"https:\/\/www.radioribelle.it\/index.php\/wp-json\/wp\/v2\/posts"}],"about":[{"href":"https:\/\/www.radioribelle.it\/index.php\/wp-json\/wp\/v2\/types\/post"}],"author":[{"embeddable":true,"href":"https:\/\/www.radioribelle.it\/index.php\/wp-json\/wp\/v2\/users\/1"}],"replies":[{"embeddable":true,"href":"https:\/\/www.radioribelle.it\/index.php\/wp-json\/wp\/v2\/comments?post=52587"}],"version-history":[{"count":1,"href":"https:\/\/www.radioribelle.it\/index.php\/wp-json\/wp\/v2\/posts\/52587\/revisions"}],"predecessor-version":[{"id":52589,"href":"https:\/\/www.radioribelle.it\/index.php\/wp-json\/wp\/v2\/posts\/52587\/revisions\/52589"}],"wp:attachment":[{"href":"https:\/\/www.radioribelle.it\/index.php\/wp-json\/wp\/v2\/media?parent=52587"}],"wp:term":[{"taxonomy":"category","embeddable":true,"href":"https:\/\/www.radioribelle.it\/index.php\/wp-json\/wp\/v2\/categories?post=52587"},{"taxonomy":"post_tag","embeddable":true,"href":"https:\/\/www.radioribelle.it\/index.php\/wp-json\/wp\/v2\/tags?post=52587"}],"curies":[{"name":"wp","href":"https:\/\/api.w.org\/{rel}","templated":true}]}}