{"id":53162,"date":"2026-03-30T10:39:00","date_gmt":"2026-03-30T08:39:00","guid":{"rendered":"https:\/\/www.radioribelle.it\/?p=53162"},"modified":"2026-03-29T17:59:42","modified_gmt":"2026-03-29T15:59:42","slug":"ricorso-al-tar-su-dimensionamento-scolastico","status":"publish","type":"post","link":"https:\/\/www.radioribelle.it\/index.php\/2026\/03\/30\/ricorso-al-tar-su-dimensionamento-scolastico\/","title":{"rendered":"Ricorso al Tar su dimensionamento scolastico"},"content":{"rendered":"\n<div class=\"wp-block-image\"><figure class=\"alignleft size-full is-resized\"><img loading=\"lazy\" src=\"https:\/\/www.radioribelle.it\/wp-content\/uploads\/2026\/03\/Consiglio-dimensionamento-4_1024x683.jpg\" alt=\"\" class=\"wp-image-53164\" width=\"326\" height=\"217\" srcset=\"https:\/\/www.radioribelle.it\/wp-content\/uploads\/2026\/03\/Consiglio-dimensionamento-4_1024x683.jpg 1024w, https:\/\/www.radioribelle.it\/wp-content\/uploads\/2026\/03\/Consiglio-dimensionamento-4_1024x683-300x200.jpg 300w, https:\/\/www.radioribelle.it\/wp-content\/uploads\/2026\/03\/Consiglio-dimensionamento-4_1024x683-768x512.jpg 768w, https:\/\/www.radioribelle.it\/wp-content\/uploads\/2026\/03\/Consiglio-dimensionamento-4_1024x683-619x413.jpg 619w\" sizes=\"(max-width: 326px) 100vw, 326px\" \/><\/figure><\/div>\n\n\n\n<p>nota del sindaco Luca Secondi e assessore alle politiche scolastiche Letizia Guerri\u00a0\u00a0 Ricorso al Tar su dimensionamento scolastico: nota del sindaco\u00a0Luca Secondi\u00a0e assessore alle politiche scolastiche\u00a0Letizia Guerri. <\/p>\n\n\n\n<!--more-->\n\n\n\n<p>\u201cEsprimiamo profonda soddisfazione per la decisione del Tar dell\u2019Umbria di concedere la sospensiva, provvedimento che certifica il fabbisogno veritiero delle preoccupazioni di un&#8217;intera comunit\u00e0 fin da subito al fianco del comune nel sostenere una iniziativa unitaria e condivisa dai docenti, da tutto il personale non docente e le famiglie degli alunni, che ringraziamo per il lavoro ottimo che \u00e8 stato portato avanti assieme al nostro legale l\u2019avvocato Francesco A. De Matteis. Ora attendiamo fiduciosi, il 12 maggio prossimo, data della fissazione del merito per l\u2019udienza pubblica. La fondatezza delle nostre richieste trova dunque un primo importante e significativo riconoscimento\u201d: il TAR Umbria:<br>&#8211; in punto di fumus, \u00a0ha ritenuto che \u201c\u2026 il ricorso presenti sufficienti profili di fondatezza \u2026\u201d rispetto alle principali censure proposte.\u00a0<br>L\u2019ordinanza n. 32\/2026 pone in dubbio che si fosse in presenza di quell\u2019inerzia della Regione necessaria a legittimare l\u2019adozione da parte dello Stato dei poteri sostitutivi, stigmatizza (perch\u00e9 sproporzionata ed eccessiva rispetto al compito assegnatogli) la decisione del Commissario ad acta di andare oltre la semplice attuazione delle misure decise dall\u2019Assemblea Legislativa umbra con la delibera n. 86\/2025 (dimensionamento presso istituzioni scolastiche ricadenti nei Comuni di Terni e di Gubbio) e, soprattutto, la decisione del Commissario ad acta di ignorare l\u2019istruttoria compiuta dalla Regione e le \u201c\u2026 gravi criticit\u00e0 concernenti l\u2019Istituto di istruzione secondaria di primo grado di Citt\u00e0 di Castello, rispetto al quale \u00e8 riscontrabile gi\u00e0 allo stato una situazione di sovraffollamento nel plesso scolastico di Via Collodi, ove \u00e8 attualmente concentrata anche la maggior parte degli studenti del plesso di Via della Tina, oggetto di un intervento di demolizione e ricostruzione tuttora in corso\u201d;\u00a0<br>&#8211; in punto di periculum in mora, ha ritenuto che per il Comune di Citt\u00e0 di Castello sussiste il danno grave ed irreparabile, senza che, grazie all\u2019immediata fissazione dell\u2019udienza di merito in tempo utile rispetto all\u2019inizio dell\u2019a.s. 2026\/2027, la disposta sospensione comprometta il raggiungimento degli obiettivi PNRR.\u00a0<br>Ci\u00f2 \u201c\u2026 anche in considerazione della necessit\u00e0 per il Comune di provvedere con urgenza al reperimento degli spazi necessari ai fini della suddivisione della popolazione scolastica attualmente ospitata nel plesso di Via Collodi in due distinti Istituti comprensivi \u2026\u201d.<br>E\u2019 quanto dichiarato dal sindaco\u00a0<strong>Luca Secondi<\/strong>\u00a0ed assessore alle politiche scolastiche\u00a0<strong>Letizia Guerri<\/strong>, in riferimento alla decisione odierna del Tar dell\u2019Umbria, al quale lo scorso 10 marzo per tramite dell\u2019avvocato Francesco A. De Matteis, incaricato dall\u2019Ente, il Comune di Citt\u00e0 di Castello aveva notificato e depositato il ricorso contro il dimensionamento scolastico disposto dal Commissario ad acta per l\u2019Umbria, Dottor Pellecchia, nominato con delibera del Consiglio dei Ministri, con il decreto n. 60 del Gennaio 2026, seguito dal decreto direttoriale n. 62. Oggi con ordinanza numero 32 il TAR Umbria, accogliendo l\u2019istanza presentata ha sospeso cautelarmente, per quanto concerne (ovviamente) le misure riguardanti il Comune di Citt\u00e0 di Castello, l\u2019efficacia del decreto commissariale n. 60\/2026 e del successivo decreto n. 62\/2026. \u201cUn ricorso \u2013 hanno concluso Secondi e Guerri &#8211; che si \u00e8 ritenuto doveroso proporre contro un provvedimento ingiusto e soprattutto insostenibile per l\u2019Amministrazione Comunale come ampiamente sostenuto e documentato dal 2023 ad oggi; ricorso a tutela del diritto allo studio dei nostri ragazzi e ragazze e della comunit\u00e0 scolastica\u00a0tutta.\u00a0<em>CDCNOTIZIE\/2026\/03\/26\/COMUNINLINEA\/139\/GGAL<\/em><\/p>\n","protected":false},"excerpt":{"rendered":"<p>nota del sindaco Luca Secondi e assessore alle politiche scolastiche Letizia Guerri\u00a0\u00a0 Ricorso al Tar su dimensionamento scolastico: nota del sindaco\u00a0Luca Secondi\u00a0e assessore alle politiche scolastiche\u00a0Letizia Guerri.<\/p>\n","protected":false},"author":1,"featured_media":0,"comment_status":"open","ping_status":"open","sticky":false,"template":"","format":"standard","meta":{"_joinchat":[]},"categories":[1],"tags":[],"_links":{"self":[{"href":"https:\/\/www.radioribelle.it\/index.php\/wp-json\/wp\/v2\/posts\/53162"}],"collection":[{"href":"https:\/\/www.radioribelle.it\/index.php\/wp-json\/wp\/v2\/posts"}],"about":[{"href":"https:\/\/www.radioribelle.it\/index.php\/wp-json\/wp\/v2\/types\/post"}],"author":[{"embeddable":true,"href":"https:\/\/www.radioribelle.it\/index.php\/wp-json\/wp\/v2\/users\/1"}],"replies":[{"embeddable":true,"href":"https:\/\/www.radioribelle.it\/index.php\/wp-json\/wp\/v2\/comments?post=53162"}],"version-history":[{"count":1,"href":"https:\/\/www.radioribelle.it\/index.php\/wp-json\/wp\/v2\/posts\/53162\/revisions"}],"predecessor-version":[{"id":53165,"href":"https:\/\/www.radioribelle.it\/index.php\/wp-json\/wp\/v2\/posts\/53162\/revisions\/53165"}],"wp:attachment":[{"href":"https:\/\/www.radioribelle.it\/index.php\/wp-json\/wp\/v2\/media?parent=53162"}],"wp:term":[{"taxonomy":"category","embeddable":true,"href":"https:\/\/www.radioribelle.it\/index.php\/wp-json\/wp\/v2\/categories?post=53162"},{"taxonomy":"post_tag","embeddable":true,"href":"https:\/\/www.radioribelle.it\/index.php\/wp-json\/wp\/v2\/tags?post=53162"}],"curies":[{"name":"wp","href":"https:\/\/api.w.org\/{rel}","templated":true}]}}