{"id":53424,"date":"2026-04-05T07:25:00","date_gmt":"2026-04-05T05:25:00","guid":{"rendered":"https:\/\/www.radioribelle.it\/?p=53424"},"modified":"2026-04-07T08:17:08","modified_gmt":"2026-04-07T06:17:08","slug":"modifiche-a-sosta-e-circolazione","status":"publish","type":"post","link":"https:\/\/www.radioribelle.it\/index.php\/2026\/04\/05\/modifiche-a-sosta-e-circolazione\/","title":{"rendered":"Modifiche a sosta e circolazione"},"content":{"rendered":"\n<div class=\"wp-block-image\"><figure class=\"alignleft size-large is-resized\"><img loading=\"lazy\" src=\"https:\/\/www.radioribelle.it\/wp-content\/uploads\/2025\/11\/lavori-in-corso-1024x585.jpg\" alt=\"\" class=\"wp-image-48251\" width=\"305\" height=\"173\" srcset=\"https:\/\/www.radioribelle.it\/wp-content\/uploads\/2025\/11\/lavori-in-corso-1024x585.jpg 1024w, https:\/\/www.radioribelle.it\/wp-content\/uploads\/2025\/11\/lavori-in-corso-300x171.jpg 300w, https:\/\/www.radioribelle.it\/wp-content\/uploads\/2025\/11\/lavori-in-corso-768x439.jpg 768w, https:\/\/www.radioribelle.it\/wp-content\/uploads\/2025\/11\/lavori-in-corso-619x354.jpg 619w, https:\/\/www.radioribelle.it\/wp-content\/uploads\/2025\/11\/lavori-in-corso.jpg 1094w\" sizes=\"(max-width: 305px) 100vw, 305px\" \/><\/figure><\/div>\n\n\n\n<p>Comune di Arezzo &#8211; Lavori stradali a partire da marted\u00ec 7 aprile: dalle 8:30 alle 18:30 scatta il restringimento della carreggiata in via Baldaccio d\u2019Anghiari lungo l\u2019intera percorrenza<\/p>\n\n\n\n<!--more-->\n\n\n\n<p>Sempre marted\u00ec 7 aprile dalle 8:00 alle 17:00 \u00e8 previsto il senso unico alternato regolato da semaforo o movieri in caso di traffico intenso in largo Ottaviano Pieraccini tra l\u2019intersezione con via Giuseppe Parini per 130 metri. Il suddetto tratto di largo Ottaviano Pieraccini sar\u00e0 interessato da mercoled\u00ec 8 a venerd\u00ec 10 aprile con orario continuato dalla chiusura al transito e da venerd\u00ec 10 a gioved\u00ec 23 aprile di nuovo dalle 8:00 alle 17:00 dal senso unico alternato regolato da semaforo o movieri in caso di traffico intenso.<\/p>\n\n\n\n<p>Marted\u00ec 7 e mercoled\u00ec 8 aprile tra le 7:30 e le 18:30 sono interdetti alla sosta 28 stalli in piazza Amintore Fanfani.<\/p>\n\n\n\n<p>Da mercoled\u00ec 8 a venerd\u00ec 10 aprile scattano il divieto di sosta con rimozione su ambo i lati, il restringimento della carreggiata e il divieto di utilizzo dell\u2019adiacente marciapiede in via Trento e Trieste dal civico 19\/D per 40 metri dalle 8:30 alle 18:30.<\/p>\n\n\n\n<p>Da gioved\u00ec 9 a marted\u00ec 14 aprile ancora divieto di sosta con rimozione su ambo i lati e restringimento della carreggiata in via Mino da Poppi dal civico 3 per 20 metri dalle 8:30 alle 17:30.<\/p>\n\n\n\n<p>Da gioved\u00ec 9 a mercoled\u00ec 15 aprile il divieto di sosta con rimozione sar\u00e0 anche in via Libia lato civici dispari dal 15 al 25. Tra gioved\u00ec 16 a sabato 18 aprile l\u2019interdizione alla sosta coinvolger\u00e0 via Ombrone lato civici pari dal 6 all\u20198, in questo caso accompagnato dal senso unico alternato regolato da semaforo o movieri in caso di traffico intenso. Ancora senso unico alternato regolato da semaforo o movieri in caso di traffico intenso luned\u00ec 20 a e marted\u00ec 21 aprile in via Cesti tra i civici 23 e 40. Orari 8:30 &#8211; 17:30.<\/p>\n","protected":false},"excerpt":{"rendered":"<p>Comune di Arezzo &#8211; Lavori stradali a partire da marted\u00ec 7 aprile: dalle 8:30 alle 18:30 scatta il restringimento della carreggiata in via Baldaccio d\u2019Anghiari lungo l\u2019intera percorrenza<\/p>\n","protected":false},"author":1,"featured_media":0,"comment_status":"open","ping_status":"open","sticky":false,"template":"","format":"standard","meta":{"_joinchat":[]},"categories":[1],"tags":[],"_links":{"self":[{"href":"https:\/\/www.radioribelle.it\/index.php\/wp-json\/wp\/v2\/posts\/53424"}],"collection":[{"href":"https:\/\/www.radioribelle.it\/index.php\/wp-json\/wp\/v2\/posts"}],"about":[{"href":"https:\/\/www.radioribelle.it\/index.php\/wp-json\/wp\/v2\/types\/post"}],"author":[{"embeddable":true,"href":"https:\/\/www.radioribelle.it\/index.php\/wp-json\/wp\/v2\/users\/1"}],"replies":[{"embeddable":true,"href":"https:\/\/www.radioribelle.it\/index.php\/wp-json\/wp\/v2\/comments?post=53424"}],"version-history":[{"count":1,"href":"https:\/\/www.radioribelle.it\/index.php\/wp-json\/wp\/v2\/posts\/53424\/revisions"}],"predecessor-version":[{"id":53425,"href":"https:\/\/www.radioribelle.it\/index.php\/wp-json\/wp\/v2\/posts\/53424\/revisions\/53425"}],"wp:attachment":[{"href":"https:\/\/www.radioribelle.it\/index.php\/wp-json\/wp\/v2\/media?parent=53424"}],"wp:term":[{"taxonomy":"category","embeddable":true,"href":"https:\/\/www.radioribelle.it\/index.php\/wp-json\/wp\/v2\/categories?post=53424"},{"taxonomy":"post_tag","embeddable":true,"href":"https:\/\/www.radioribelle.it\/index.php\/wp-json\/wp\/v2\/tags?post=53424"}],"curies":[{"name":"wp","href":"https:\/\/api.w.org\/{rel}","templated":true}]}}