{"id":53508,"date":"2026-04-07T16:36:00","date_gmt":"2026-04-07T14:36:00","guid":{"rendered":"https:\/\/www.radioribelle.it\/?p=53508"},"modified":"2026-04-07T12:38:54","modified_gmt":"2026-04-07T10:38:54","slug":"festival-dei-cammini-di-francesco-3","status":"publish","type":"post","link":"https:\/\/www.radioribelle.it\/index.php\/2026\/04\/07\/festival-dei-cammini-di-francesco-3\/","title":{"rendered":"FESTIVAL DEI CAMMINI DI FRANCESCO"},"content":{"rendered":"\n<div class=\"wp-block-image\"><figure class=\"alignright size-large is-resized\"><img loading=\"lazy\" src=\"https:\/\/www.radioribelle.it\/wp-content\/uploads\/2026\/04\/Cover-_-Harmony-_-ReCarloIII-_-Aboca-683x1024.jpg\" alt=\"\" class=\"wp-image-53509\" width=\"191\" height=\"286\" srcset=\"https:\/\/www.radioribelle.it\/wp-content\/uploads\/2026\/04\/Cover-_-Harmony-_-ReCarloIII-_-Aboca-683x1024.jpg 683w, https:\/\/www.radioribelle.it\/wp-content\/uploads\/2026\/04\/Cover-_-Harmony-_-ReCarloIII-_-Aboca-200x300.jpg 200w, https:\/\/www.radioribelle.it\/wp-content\/uploads\/2026\/04\/Cover-_-Harmony-_-ReCarloIII-_-Aboca-768x1152.jpg 768w, https:\/\/www.radioribelle.it\/wp-content\/uploads\/2026\/04\/Cover-_-Harmony-_-ReCarloIII-_-Aboca-1024x1536.jpg 1024w, https:\/\/www.radioribelle.it\/wp-content\/uploads\/2026\/04\/Cover-_-Harmony-_-ReCarloIII-_-Aboca-1366x2048.jpg 1366w, https:\/\/www.radioribelle.it\/wp-content\/uploads\/2026\/04\/Cover-_-Harmony-_-ReCarloIII-_-Aboca-619x928.jpg 619w, https:\/\/www.radioribelle.it\/wp-content\/uploads\/2026\/04\/Cover-_-Harmony-_-ReCarloIII-_-Aboca-scaled.jpg 1707w\" sizes=\"(max-width: 191px) 100vw, 191px\" \/><\/figure><\/div>\n\n\n\n<p>SANSEPOLCRO &#8211; Aboca e Custodia Generale del Sacro Convento di san Francesco in Assisi In collaborazione con Circular Bioeconomy Alliance e Laudato Si\u2019 Insieme per celebrare l\u2019Armonia nella Giorno della Terra <em>Il\u00a022 aprile 2026, in occasione dell\u2019Earth Day, Aboca presenter\u00e0 all\u2019interno del\u00a0Festival dei Cammini di Francesco,\u00a0promosso da Fondazione Progetto Valtiberina, l\u2019edizione italiana del libro di Sua Maest\u00e0 Carlo III: Harmony. Un nuovo modo di guardare al nostro mondo (Aboca Edizioni, 2026)<\/em><\/p>\n\n\n\n<!--more-->\n\n\n\n<p><em>La giornata prender\u00e0 avvio alle\u00a0<strong>ore 8.30<\/strong>\u00a0con una camminata che partir\u00e0 da Porta Cappuccini di Assisi. Il percorso si inerpicher\u00e0 sul Monte Subasio, conducendo i partecipanti fino all\u2019Eremo delle Carceri.<\/em> <em>Entrer\u00e0 poi nel vivo alle ore 17 con la presentazione di Harmony, incontro che vedr\u00e0 la partecipazione dei coautori del libro, Ian Skelly e Tony Juniper, seguita da un dibattito che coinvolger\u00e0 il direttore generale di C.B.A. (Circular Bioeconomy Alliance), Marc Palahi, il direttore del Centro Laudato Si\u2019 di Assisi, Antonio Caschetto, Fra Marco Moroni, custode del Sacro Convento di san Francesco\u00a0in Assisi, e Massimo Mercati, Presidente di Aboca. L\u2019incontro verr\u00e0 preceduto dai saluti istituzionali di Christopher Trott CVO, Ambasciatore britannico presso la Santa Sede.<\/em> <em>L\u2019appuntamento intende presentare i fondamentali messaggi del libro e sulla visione \u201cnature\u2011first\u201d promossa da SM Re Carlo III, la cui attualit\u00e0 appare sempre pi\u00f9 cogente e capace di indirizzare lo sviluppo della nostra societ\u00e0 verso un nuovo paradigma, che richiama dal profondo gli insegnamenti di Papa Francesco nella sua Laudato Si\u2019 e apre alla speranza di un nuovo modo di intendere il rapporto fra Uomo e Natura.<\/em><\/p>\n\n\n\n<p><em>A conclusione della giornata, alle ore 21, sar\u00e0 proiettato il documentario\u00a0<strong>Finding Harmony: A King\u2019s Vision<\/strong>, presentato in anteprima al Castello di Windsor lo scorso gennaio. Un momento dedicato al dialogo tra ecologia, spiritualit\u00e0 e cura del creato, che vedr\u00e0 la partecipazione del regista, Nicolas Brown, gi\u00e0 direttore del film The Letter: A Message for Our Earth dedicato al pensiero e all\u2019opera di Papa Francesco e alla sua enciclica Laudato Si\u2019.<\/em> <em>La presentazione del libro al pubblico italiano diventa l\u2019occasione per mettere in luce la profonda sintonia tra la Circular Bioeconomy Alliance e il cuore del messaggio di san Francesco d\u2019Assisi, fondato sull\u2019armonia tra tutti gli esseri viventi come chiave per ripensare il nostro rapporto con il Pianeta, particolarmente significativa nell\u2019anno dell\u2019ottavo centenario dalla morte del Santo, ma anche per dare forma a un progetto concreto e dal forte valore simbolico.<\/em><\/p>\n\n\n\n<p><em>La\u00a0Circular Bioeconomy Alliance (CBA)\u00a0\u00e8 una piattaforma internazionale istituita da SM Re Carlo III (all\u2019epoca Principe di Galles) per accelerare la transizione verso una bioeconomia circolare \u201cnature first\u201d, capace di essere climate neutral, inclusiva e di prosperare in armonia con la natura. La CBA, di cui Aboca \u00e8 partner, riunisce scienziati, comunit\u00e0 indigene, aziende e istituzioni pubbliche per promuovere un nuovo modello economico basato sul capitale naturale rinnovabile. Questi sforzi sono sostenuti da progetti pilota chiamati Living Labs, che integrano scienza, tecnologia e saperi tradizionali per rigenerare i paesaggi e rafforzare le comunit\u00e0, offrendo un modello per il futuro.<\/em><\/p>\n\n\n\n<p><em>Laudato Si\u2019\u00a0\u00e8 un movimento internazionale nato per ispirare e mobilitare la comunit\u00e0 cattolica per prendersi cura della casa comune e realizzare la giustizia climatica ed ecologica in collaborazione con tutte le persone di buona volont\u00e0. Il Centro Laudato Si&#8217; \u00e8 la casa di questo movimento, e attraverso il progetto ASSISI Terra Laudato Si&#8217; nato il 22 aprile 2024, coinvolge le principali realt\u00e0 di Assisi nella promozione dei valori dell&#8217;ecologia integrale, con Pellegrinaggi immersivi nel creato e con la collaborazione di tanti volontari provenienti da varie parti d&#8217;Italia e del mondo.<\/em><\/p>\n\n\n\n<p><em>La\u00a0Custodia Generale del Sacro Convento di San Francesco in Assisi\u00a0\u00e8 la comunit\u00e0 dei frati minori conventuali che custodisce appunto la Basilica Papale, il Sacro Convento e soprattutto\u00a0la memoria e i resti mortali di San Francesco d\u2019Assisi. La comunit\u00e0 \u00e8 guidata dal Custode del Sacro Convento, incarico ricoperto attualmente da fra Marco Moroni, OFMConv.\u00a0<\/em><\/p>\n\n\n\n<p><em>Aboca\u00a0\u00e8 una azienda\u00a0italiana specializzata nella produzione di prodotti per la salute umana100% naturali\u00a0e biodegradabili. Fondata nel 1978 a Sansepolcro, Toscana, con l&#8217;obiettivo di trovare soluzioni terapeutiche, nel rispetto dell\u2019organismo e dell\u2019ambiente, oggi conta pi\u00f9 di 1.800 dipendenti ed \u00e8 presente in 24 Paesi.\u00a0Seguendo i principi della Systems Biology e della Systems Medicine, Aboca sviluppa prodotti a base di sostanze naturali complesse con evidenze medico-scientifiche e secondo i criteri di One Health.<\/em><\/p>\n\n\n\n<p><em>Fondazione Progetto Valtiberina (FPV)\u00a0\u00e8 un ente del Terzo Settore impegnato nella promozione culturale, sociale, ambientale ed economica della Valtiberina e dell\u2019Alta Valle del Tevere. La Fondazione lavora per favorire uno sviluppo sostenibile e partecipato del territorio, stimolando la partecipazione attiva della comunit\u00e0 e promuovendo progetti e iniziative che valorizzino il bene comune, la coesione sociale e la qualit\u00e0 della vita nelle comunit\u00e0 locali.\u00a0\u00a0Tra le sue principali iniziative vi \u00e8 il\u00a0Festival dei Cammini di Francesco, un evento culturale itinerante dedicato ai valori francescani di fraternit\u00e0, spiritualit\u00e0, sostenibilit\u00e0 e dialogo. Il Festival attraversa borghi e paesaggi dell\u2019Umbria e della Toscana, combinando camminate, incontri, spettacoli e momenti di riflessione per unire persone e territori attraverso percorsi di senso e bellezza.<\/em><\/p>\n","protected":false},"excerpt":{"rendered":"<p>SANSEPOLCRO &#8211; Aboca e Custodia Generale del Sacro Convento di san Francesco in Assisi In collaborazione con Circular Bioeconomy Alliance e Laudato Si\u2019 Insieme per celebrare l\u2019Armonia nella Giorno della Terra Il\u00a022 aprile 2026, in occasione dell\u2019Earth Day, Aboca presenter\u00e0 all\u2019interno del\u00a0Festival dei Cammini di Francesco,\u00a0promosso da Fondazione Progetto Valtiberina, l\u2019edizione italiana del libro di [&hellip;]<\/p>\n","protected":false},"author":1,"featured_media":0,"comment_status":"open","ping_status":"open","sticky":false,"template":"","format":"standard","meta":{"_joinchat":[]},"categories":[1],"tags":[],"_links":{"self":[{"href":"https:\/\/www.radioribelle.it\/index.php\/wp-json\/wp\/v2\/posts\/53508"}],"collection":[{"href":"https:\/\/www.radioribelle.it\/index.php\/wp-json\/wp\/v2\/posts"}],"about":[{"href":"https:\/\/www.radioribelle.it\/index.php\/wp-json\/wp\/v2\/types\/post"}],"author":[{"embeddable":true,"href":"https:\/\/www.radioribelle.it\/index.php\/wp-json\/wp\/v2\/users\/1"}],"replies":[{"embeddable":true,"href":"https:\/\/www.radioribelle.it\/index.php\/wp-json\/wp\/v2\/comments?post=53508"}],"version-history":[{"count":1,"href":"https:\/\/www.radioribelle.it\/index.php\/wp-json\/wp\/v2\/posts\/53508\/revisions"}],"predecessor-version":[{"id":53510,"href":"https:\/\/www.radioribelle.it\/index.php\/wp-json\/wp\/v2\/posts\/53508\/revisions\/53510"}],"wp:attachment":[{"href":"https:\/\/www.radioribelle.it\/index.php\/wp-json\/wp\/v2\/media?parent=53508"}],"wp:term":[{"taxonomy":"category","embeddable":true,"href":"https:\/\/www.radioribelle.it\/index.php\/wp-json\/wp\/v2\/categories?post=53508"},{"taxonomy":"post_tag","embeddable":true,"href":"https:\/\/www.radioribelle.it\/index.php\/wp-json\/wp\/v2\/tags?post=53508"}],"curies":[{"name":"wp","href":"https:\/\/api.w.org\/{rel}","templated":true}]}}