{"id":53661,"date":"2026-04-13T12:05:00","date_gmt":"2026-04-13T10:05:00","guid":{"rendered":"https:\/\/www.radioribelle.it\/?p=53661"},"modified":"2026-04-14T16:36:29","modified_gmt":"2026-04-14T14:36:29","slug":"un-defibrillatore-per-la-protezione-civile","status":"publish","type":"post","link":"https:\/\/www.radioribelle.it\/index.php\/2026\/04\/13\/un-defibrillatore-per-la-protezione-civile\/","title":{"rendered":"Un Defibrillatore per la Protezione Civile"},"content":{"rendered":"\n<div class=\"wp-block-image\"><figure class=\"alignright size-full is-resized\"><img loading=\"lazy\" src=\"https:\/\/www.radioribelle.it\/wp-content\/uploads\/2026\/04\/2026-04-11_Foto_2.jpg\" alt=\"\" class=\"wp-image-53663\" width=\"234\" height=\"188\" srcset=\"https:\/\/www.radioribelle.it\/wp-content\/uploads\/2026\/04\/2026-04-11_Foto_2.jpg 692w, https:\/\/www.radioribelle.it\/wp-content\/uploads\/2026\/04\/2026-04-11_Foto_2-300x241.jpg 300w, https:\/\/www.radioribelle.it\/wp-content\/uploads\/2026\/04\/2026-04-11_Foto_2-619x498.jpg 619w\" sizes=\"(max-width: 234px) 100vw, 234px\" \/><\/figure><\/div>\n\n\n\n<p>\u00a0La consegna durante la tradizionale giornata di formazione per le scuole tifernati\u00a0\u00a0Si \u00e8 svolta, presso la Cittadella dell\u2019Emergenza, la sedicesima edizione di \u201cCivilmente: imparare facendo\u201d. Alla giornata di formazione per le scuole, organizzata dal Gruppo Comunale di Protezione Civile in collaborazione con la Croce Bianca di Citt\u00e0 di Castello hanno partecipato le seconde classi della Scuola Media Alighieri Pascoli con 220 ragazzi accompagnati dai loro insegnanti.\u00a0La giornata \u00e8 stata aperta, come consuetudine, con l\u2019alzabandiera e l\u2019esecuzione dell\u2019inno d\u2019Italia. <\/p>\n\n\n\n<!--more-->\n\n\n\n<p>Sono poi iniziate le lezioni, organizzate dal dott. Alessio Giambi, che ha suddiviso gli studenti in cinque squadre, costruendo un percorso formativo articolato su vari argomenti d\u2019interesse sociale con ambientazioni sempre diverse.\u00a0La prima lezione \u00e8 stata svolta in aula da Alberto Bacchi, vicepresidente del Gruppo; l\u2019architetto ha illustrato i \u201crischi\u201d tipici del nostro territorio, dai terremoti, alle frane ed alle alluvioni. Successivamente i ragazzi hanno partecipato al \u201cGioco della Protezione Civile\u201d organizzato da Giulia Magnanelli, con Debora Cecconi, Rita Lepri, Rosa Maria Camaldo e Christian Monaldi, durante il quale gli studenti hanno preparato dei cartelloni con le informazioni necessarie a superare diversi tipi di emergenza\u2026 vinceva chi realizzava il prodotto pi\u00f9 completo ed esaustivo. Successivamente il formatore della Croce Bianca Giovanni Morini, Direttore Centro IRC, ha illustrato le regole minime per portare soccorso ad un infortunato, coinvolgendo i ragazzi in varie simulazioni di soccorso. La quarta lezione \u00e8 stata tenuta dal Presidente Sandro Busatti assieme a Sisto Leprai; \u00e8 stato affrontato il problema degli incendi boschivi, educando i giovani studenti ad osservare l\u2019ambiente collinare, preparandoli adeguatamente per chiamare i soccorsi in caso di avvistamento di focolai d\u2019incendio durante la prossima stagione estiva. L\u2019ultima lezione, forse la pi\u00f9 divertente, ha portato i ragazzi a radunarsi nel piazzale della Cittadella dell\u2019Emergenza, per conoscere le attrezzature tecniche da soccorso. Giosu\u00e8 Biagioni, Roberto Giombetti e Mori hanno illustrato le tecniche necessarie ad utilizzare gli estintori per poi concludere facendo provare ad ognuno l\u2019emozione di usare una lancia antincendio, sparando acqua in aria \u2026 solo per innaffiare il giardino circostante! All\u2019intervallo si \u00e8 svolta una breve cerimonia, a cui ha partecipato Luca Secondi, Sindaco di Citt\u00e0 di Castello assieme all\u2019assessore Benedetta Calagreti. In questa l\u2019occasione la Presidente delle Farmacie Tifernati, dottoressa Valchiria D\u00f2, ha donato al Gruppo Comunale un Defibrillatore Semiautomatico di ultima generazione; nel suo intervento ha sottolineato che questo presidio sanitario \u00e8 il ventottesimo tra quelli gi\u00e0 distribuiti ad associazioni e societ\u00e0 sportive nel quadro del progetto \u201cCitt\u00e0 Cardioprotetta\u201d. La giornata si \u00e8 conclusa alle ore 12,30 al termine delle lezioni programmate.\u00a0Il Presidente Sandro Busatti ha ringraziato il Sindaco e la Dott.ssa D\u00f2 per la donazione, che sar\u00e0 impiegata come presidio d\u2019emergenza durante l\u2019attivit\u00e0 operativa del Gruppo. Ha poi sottolineato l\u2019importanza di questo appuntamento annuale con le Scuole tifernati, che ha il merito di stabilire il primo contatto tra i giovani studenti e il mondo associazionistico. La Protezione Civile con i suoi volontari cerca di educare i ragazzi alla vita sociale, insegnando a soccorrere chi \u00e8 in difficolt\u00e0 a causa dei frequenti disastri naturali. Il Gruppo Comunale mette in campo quotidianamente le proprie conoscenze unite ai moderni mezzi tecnici messi a disposizione dal Servizio Protezione Civile di Regione Umbria. Un\u2019iniziativa di successo \u2013 sottolinea Busatti \u2013 che \u00e8 un fiore all\u2019occhiello per la nostra citt\u00e0; \u00e8 un modello formativo da riproporre ed esportare in tutto il comprensorio altotiberino<\/p>\n","protected":false},"excerpt":{"rendered":"<p>\u00a0La consegna durante la tradizionale giornata di formazione per le scuole tifernati\u00a0\u00a0Si \u00e8 svolta, presso la Cittadella dell\u2019Emergenza, la sedicesima edizione di \u201cCivilmente: imparare facendo\u201d. Alla giornata di formazione per le scuole, organizzata dal Gruppo Comunale di Protezione Civile in collaborazione con la Croce Bianca di Citt\u00e0 di Castello hanno partecipato le seconde classi della [&hellip;]<\/p>\n","protected":false},"author":1,"featured_media":0,"comment_status":"open","ping_status":"open","sticky":false,"template":"","format":"standard","meta":{"_joinchat":[]},"categories":[1],"tags":[],"_links":{"self":[{"href":"https:\/\/www.radioribelle.it\/index.php\/wp-json\/wp\/v2\/posts\/53661"}],"collection":[{"href":"https:\/\/www.radioribelle.it\/index.php\/wp-json\/wp\/v2\/posts"}],"about":[{"href":"https:\/\/www.radioribelle.it\/index.php\/wp-json\/wp\/v2\/types\/post"}],"author":[{"embeddable":true,"href":"https:\/\/www.radioribelle.it\/index.php\/wp-json\/wp\/v2\/users\/1"}],"replies":[{"embeddable":true,"href":"https:\/\/www.radioribelle.it\/index.php\/wp-json\/wp\/v2\/comments?post=53661"}],"version-history":[{"count":1,"href":"https:\/\/www.radioribelle.it\/index.php\/wp-json\/wp\/v2\/posts\/53661\/revisions"}],"predecessor-version":[{"id":53664,"href":"https:\/\/www.radioribelle.it\/index.php\/wp-json\/wp\/v2\/posts\/53661\/revisions\/53664"}],"wp:attachment":[{"href":"https:\/\/www.radioribelle.it\/index.php\/wp-json\/wp\/v2\/media?parent=53661"}],"wp:term":[{"taxonomy":"category","embeddable":true,"href":"https:\/\/www.radioribelle.it\/index.php\/wp-json\/wp\/v2\/categories?post=53661"},{"taxonomy":"post_tag","embeddable":true,"href":"https:\/\/www.radioribelle.it\/index.php\/wp-json\/wp\/v2\/tags?post=53661"}],"curies":[{"name":"wp","href":"https:\/\/api.w.org\/{rel}","templated":true}]}}