{"id":53892,"date":"2026-04-19T08:33:59","date_gmt":"2026-04-19T06:33:59","guid":{"rendered":"https:\/\/www.radioribelle.it\/?p=53892"},"modified":"2026-04-19T08:35:14","modified_gmt":"2026-04-19T06:35:14","slug":"dal-pacini-non-si-scende","status":"publish","type":"post","link":"https:\/\/www.radioribelle.it\/index.php\/2026\/04\/19\/dal-pacini-non-si-scende\/","title":{"rendered":"Dal Pacini non si scende"},"content":{"rendered":"\n<div class=\"wp-block-image\"><figure class=\"alignright size-full\"><img loading=\"lazy\" width=\"225\" height=\"187\" src=\"https:\/\/www.radioribelle.it\/wp-content\/uploads\/2026\/04\/SAN-MARCELLO.png\" alt=\"\" class=\"wp-image-53893\"\/><\/figure><\/div>\n\n\n\n<p>SAN MARCELLO PISTOIESE  &#8211; Il programma: dall&#8217;apertura del presidio il 25 aprile ai dibattiti con istituzioni regionali e nazionali, fino alla chiusura del 2 maggio.  L\u2019Associazione Zeno Col\u00f2 presenta il programma definitivo del presidio civico &#8220;Dal Pacini non si scende! \u2014 Presidio in difesa dell\u2019ospedale della Montagna pistoiese e per una sanit\u00e0 equa nelle aree interne della Toscana e non solo&#8221;, <\/p>\n\n\n\n<!--more-->\n\n\n\n<p>in programma dal 25 aprile al 2 maggio 2026 a San Marcello Piteglio. L\u2019iniziativa gode del patrocinio dei Comuni di San Marcello Piteglio e Abetone Cutigliano e dell\u2019avallo della Consulta Socio Sanitaria della Montagna pistoiese.<br>La manifestazione si svolger\u00e0 in due luoghi: nei pressi dell\u2019Ospedale Pacini, dove sar\u00e0 attiva una tenda presidio 24 ore su 24 con turni a rotazione, e nello Spazio C.U.R.A., presso la Sala del Progetto Mo.To.R.E. a Campo Tizzoro, dove si svolgeranno gli eventi pubblici. C.U.R.A. &#8211; Comunit\u00e0, Unit\u00e0, Riconoscimento, Azione &#8211; \u00e8 il principio che guida l\u2019intera settimana.<br>Siamo qui per chiedere che il &#8220;Lorenzo Pacini&#8221; sia classificato come Ospedale di Area Disagiata: un riconoscimento gi\u00e0 accordato ad altri ospedali con le stesse caratteristiche all\u2019interno della stessa Regione Toscana. Questa non \u00e8 una manifestazione contro qualcuno. \u00c8 una manifestazione per il Pacini, per il diritto alla salute di chi vive in montagna, per una sanit\u00e0 che non misuri la dignit\u00e0 in chilometri.<br><\/p>\n\n\n\n<p>IL PROGRAMMA Sabato 25 aprile<br>Alle ore 11:00 a Taviano (Comune di Sambuca Pistoiese) si tiene il presidio &#8220;Un presidio contro l\u2019abbandono: la salute \u00e8 un diritto, non un privilegio&#8221;, organizzato dal Comune di Sambuca Pistoiese. Nel pomeriggio, alle ore 16:00 a San Marcello Pistoiese, in Via Massimo D\u2019Azeglio, si apre ufficialmente il presidio civico davanti al Pacini: da quel momento la tenda resta aperta senza interruzione fino alle ore 20:00 del 2 maggio.<\/p>\n\n\n\n<p>Domenica 26 aprile \u2014 Campo Tizzoro | Comunit\u00e0<br>ore 16:00: scacchi dinamici per grandi e piccoli.<br>ore 16:30: merenda \u2026che C.U.R.A.<br>ore 17:00 &#8211; Dibattito &#8220;La nostra montagna, il nostro ospedale&#8221;<br>Attorno al tavolo: i sindaci della montagna pistoiese \u2014 Luca Marmo (San Marcello Piteglio),<br>Gabriele Bacci (Abetone Cutigliano), Marco Breschi (Sambuca Pistoiese), Federico<br>Bruschi (Marliana) \u2014 i candidati sindaci al Comune di Pistoia, don Max (parroco di San<br>Marcello Piteglio) e i rappresentanti delle associazioni di volontariato. Modera Francesco<br>Rossano, giornalista TVL Pistoia.<br>ore 19:30: cena a cura della Pro Loco di Campo Tizzoro.<br>ore 21:00 &#8211; musica: Collettivo Montagna (folk), The Original Music e Percussion Show, Pigia<br>Play (disco revival e karaoke).<\/p>\n\n\n\n<p>Luned\u00ec 27 aprile &#8211; Campo Tizzoro | Unit\u00e0 e Riconoscimento<br>ore 19:30: cena a cura della Pro Loco di Campo Tizzoro<br>ore 20:45 &#8211; Dibattito &#8220;Non siamo soli: le aree interne d\u2019Italia e perch\u00e9 perdono i loro<br>servizi&#8221;<br>Attorno al tavolo: Beatrice Marinelli (Pro Ospedali Pubblici delle Marche), Tullio Laino (ex<br>medico esperto di diritto sanitario), Roberto Pieralli (medico 118, presidente SNAMI Emilia<br>Romagna), Emiliano Morrone (giornalista), Sen. Nicola Irto (Senatore della Repubblica),<br>Bernard Dika (Sottosegretario Regione Toscana), Alessandro Capecchi (consigliere<br>regionale Toscana). Modera Alessio Poggioni, Toscana TV.<\/p>\n\n\n\n<p>Venerd\u00ec 1\u00b0 maggio \u2014 Campo Tizzoro<br>ore 16:30: merenda \u2026che C.U.R.A.<br>ore 17:00: yoga per bambini e adulti.<br>ore 17:30: proiezione del docu-film &#8220;C\u2019era una volta in Italia \u2014 Giacarta sta arrivando&#8221;.<br>ore 19:30: cena a cura della Pro Loco di Campo Tizzoro.<br>ore 21:00 &#8211; musica: Neurozona (rock anni \u201960\/\u201970\/\u201980) e Ale DJ (disco anni \u201980\/\u201990).<\/p>\n\n\n\n<p>Sabato 2 maggio \u2014 Campo Tizzoro | Azione<br>ore 17:30 \u2014 Dibattito &#8220;Non si scende!&#8221;<br>Attorno al tavolo: l\u2019Assessora regionale alla Sanit\u00e0 Monia Monni, il portavoce<br>dell\u2019opposizione regionale Alessandro Tomasi, i sindaci dei Comuni le cui aree afferiscono<br>agli ospedali di area disagiata della ASL Sud Est \u2014 Niccol\u00f2 Volpini (Abbadia San<br>Salvatore), Filippo Vagnoli (Bibbiena), Giovanni Gentili (Pitigliano) \u2014 e Giampaolo<br>Giannoni, segretario regionale NurSind. Modera Cristiano Marcacci, direttore de Il Tirreno.<br>Obiettivo della giornata: redigere e sottoscrivere un manifesto per la sanit\u00e0 delle aree interne<br>con impegni precisi e verificabili, che nasca a San Marcello Pistoiese.<br>ore 16:00: Gruppo Folk Gigetto del Bicchiere. | Ore 16:30: merenda e attivit\u00e0 per bambini. |<br>ore 19:30: cena a cura della Pro Loco.<br>ore 21:00 \u2014 musica: Evil Panther &amp; Cool Cat (blues) e One Man Band &amp; Guests (folk &amp; rock\u2019n\u2019roll).<\/p>\n\n\n\n<p>&#8220;Dal Pacini non si scende&#8221; non \u00e8 una protesta locale. \u00c8 la risposta organizzata di una comunit\u00e0 a un problema strutturale che riguarda milioni di italiani che vivono nelle aree interne del paese. La platea degli invitati, istituzionale, sindacale, civica e nazionale, lo conferma.<\/p>\n\n\n\n<p>La salute non \u00e8 un privilegio geogra\ufb01co. \u00c8 un diritto.<\/p>\n\n\n\n<p>Simone Ferrari &#8211; portavoce \u201cAss.Zeno Col\u00f2\u201d e componente \u201cCREST\u201d &#8211; 334 9442113<br>Emiliano Bracali &#8211; presidente \u201cAss. Zeno Col\u00f2\u201d &#8211; 335 6199943<br>Alessandro Di Rocco &#8211; vicepresidente \u201cAss. Zeno Col\u00f2\u201d &#8211; 339 1781868<br>Flavio Ceccarelli &#8211; componente \u201cCREST\u201d &#8211; 335 5688693<br>Carlotta Guerrini &#8211; portavoce \u201cUna Montagna di bambini\u201d &#8211; 347 8453110<\/p>\n\n\n\n<p>C.R.E.S.T. Comitato Regionale Emergenza Sanitaria Toscanacrest.pistoia <\/p>\n","protected":false},"excerpt":{"rendered":"<p>SAN MARCELLO PISTOIESE &#8211; Il programma: dall&#8217;apertura del presidio il 25 aprile ai dibattiti con istituzioni regionali e nazionali, fino alla chiusura del 2 maggio. L\u2019Associazione Zeno Col\u00f2 presenta il programma definitivo del presidio civico &#8220;Dal Pacini non si scende! \u2014 Presidio in difesa dell\u2019ospedale della Montagna pistoiese e per una sanit\u00e0 equa nelle aree [&hellip;]<\/p>\n","protected":false},"author":1,"featured_media":0,"comment_status":"open","ping_status":"open","sticky":false,"template":"","format":"standard","meta":{"_joinchat":[]},"categories":[1],"tags":[],"_links":{"self":[{"href":"https:\/\/www.radioribelle.it\/index.php\/wp-json\/wp\/v2\/posts\/53892"}],"collection":[{"href":"https:\/\/www.radioribelle.it\/index.php\/wp-json\/wp\/v2\/posts"}],"about":[{"href":"https:\/\/www.radioribelle.it\/index.php\/wp-json\/wp\/v2\/types\/post"}],"author":[{"embeddable":true,"href":"https:\/\/www.radioribelle.it\/index.php\/wp-json\/wp\/v2\/users\/1"}],"replies":[{"embeddable":true,"href":"https:\/\/www.radioribelle.it\/index.php\/wp-json\/wp\/v2\/comments?post=53892"}],"version-history":[{"count":2,"href":"https:\/\/www.radioribelle.it\/index.php\/wp-json\/wp\/v2\/posts\/53892\/revisions"}],"predecessor-version":[{"id":53895,"href":"https:\/\/www.radioribelle.it\/index.php\/wp-json\/wp\/v2\/posts\/53892\/revisions\/53895"}],"wp:attachment":[{"href":"https:\/\/www.radioribelle.it\/index.php\/wp-json\/wp\/v2\/media?parent=53892"}],"wp:term":[{"taxonomy":"category","embeddable":true,"href":"https:\/\/www.radioribelle.it\/index.php\/wp-json\/wp\/v2\/categories?post=53892"},{"taxonomy":"post_tag","embeddable":true,"href":"https:\/\/www.radioribelle.it\/index.php\/wp-json\/wp\/v2\/tags?post=53892"}],"curies":[{"name":"wp","href":"https:\/\/api.w.org\/{rel}","templated":true}]}}