{"id":54042,"date":"2026-04-23T16:21:00","date_gmt":"2026-04-23T14:21:00","guid":{"rendered":"https:\/\/www.radioribelle.it\/?p=54042"},"modified":"2026-04-23T10:34:33","modified_gmt":"2026-04-23T08:34:33","slug":"benessere-teatro-festival-concluso-il-percorso-di-teatroterapia","status":"publish","type":"post","link":"https:\/\/www.radioribelle.it\/index.php\/2026\/04\/23\/benessere-teatro-festival-concluso-il-percorso-di-teatroterapia\/","title":{"rendered":"Benessere teatro festival. Concluso il percorso di teatroterapia"},"content":{"rendered":"\n<div class=\"wp-block-image\"><figure class=\"alignright size-large is-resized\"><img loading=\"lazy\" src=\"https:\/\/www.radioribelle.it\/wp-content\/uploads\/2026\/04\/18-aprile-2-1024x768.jpg\" alt=\"\" class=\"wp-image-54043\" width=\"303\" height=\"227\" srcset=\"https:\/\/www.radioribelle.it\/wp-content\/uploads\/2026\/04\/18-aprile-2-1024x768.jpg 1024w, https:\/\/www.radioribelle.it\/wp-content\/uploads\/2026\/04\/18-aprile-2-300x225.jpg 300w, https:\/\/www.radioribelle.it\/wp-content\/uploads\/2026\/04\/18-aprile-2-768x576.jpg 768w, https:\/\/www.radioribelle.it\/wp-content\/uploads\/2026\/04\/18-aprile-2-1536x1152.jpg 1536w, https:\/\/www.radioribelle.it\/wp-content\/uploads\/2026\/04\/18-aprile-2-619x464.jpg 619w, https:\/\/www.radioribelle.it\/wp-content\/uploads\/2026\/04\/18-aprile-2.jpg 1600w\" sizes=\"(max-width: 303px) 100vw, 303px\" \/><\/figure><\/div>\n\n\n\n<p>Raggiunti gli obiettivi del progetto Si \u00e8 svolto sabato presso la sala comunale di musica \u201cG. Puccini\u201d di Citt\u00e0 di Castello, l\u2019evento conclusivo del \u201cLaboratorio di Teatroterapia\u201d, inserito nel programma del BenEssere Teatro Festival e organizzato da FITA Umbria \u2013 Federazione Italiana del Teatro e delle Arti.<\/p>\n\n\n\n<!--more-->\n\n\n\n<p> Un progetto che, per la prima volta in Umbria, ha scelto Citt\u00e0 di Castello come punto di avvio, riscontrando fin da subito l\u2019interesse dell\u2019assessore alla cultura\u00a0<strong>Michela Botteghi,<\/strong>\u00a0che ne ha sostenuto la realizzazione. Come sottolineato dalla referente del progetto\u00a0<strong>Leonella Zucchini<\/strong>, il percorso si \u00e8 sviluppato in mesi di attivit\u00e0 intensa durante i quali il gruppo dei partecipanti ha mantenuto continuit\u00e0, partecipazione e forte motivazione, grazie alla guida della teatro-terapeuta e regista Imma Guarasci. Il laboratorio \u00e8 stato concepito come uno spazio di ricerca e cura del s\u00e9 attraverso il linguaggio scenico, con l\u2019obiettivo non di produrre uno spettacolo tradizionale, ma di favorire l\u2019esplorazione del benessere psicofisico dei partecipanti attraverso l\u2019integrazione tra tecniche teatrali e pratiche di arte-terapia. Il percorso ha preso avvio ufficialmente il 22 novembre 2025 con un Open Day che ha registrato un elevato livello di partecipazione e interesse. Da quel momento si \u00e8 costituito un gruppo coeso che, dal 10 gennaio, ha avviato le attivit\u00e0 laboratoriali in modo continuativo. La performance finale, dal titolo \u201cPanta Rei\u201d, ispirata al pensiero di Eraclito, si \u00e8 svolta in un contesto naturale sulle rive del Torrente Soara, rappresentando il momento conclusivo di un processo di elaborazione personale e collettiva dei vissuti. Il progetto ha generato una ricaduta formativa significativa. La conduzione del laboratorio, affidata da FITA Umbria e dalla FIT (Federazione Italiana Teatroterapia) a Maschera e Volto APS e alla teatro-terapeuta Imma Guarasci, ha permesso ai partecipanti di: integrare tecnica attoriale e consapevolezza emotiva; creare un ponte tra dimensione individuale e spazio pubblico\/naturale; valorizzare il percorso sia sul piano artistico che esperienziale, anche grazie al patrocinio della Federazione Italiana Teatroterapia. Il progetto ha pienamente raggiunto gli obiettivi prefissati: i 14 partecipanti hanno evidenziato un miglioramento nella percezione del proprio benessere e una nuova consapevolezza della pratica teatrale, intesa non pi\u00f9 solo come forma espressiva, ma come strumento di crescita personale. Presente all\u2019evento conclusivo anche l\u2019assessore alla cultura Michela Botteghi, \u201cparticolarmente soddisfatta di essere presente alla chiusura di questo percorso di teatroterapia che ha coinvolto la nostra comunit\u00e0 a Citt\u00e0 di Castello, grazie alla collaborazione tra FITA e FIT, con la preziosa rappresentanza di Leonella Zucchini e il lavoro attento e qualificato della teatro-terapeuta Imma Guarasci. Come amministrazione, continueremo a sostenere progettualit\u00e0 che mettono al centro la cultura come strumento di cura, inclusione e crescita condivisa. E colgo anche l\u2019occasione per rivolgere un invito e un auspicio concreto: quello di poter rinnovare e ampliare questa esperienza. L\u2019auspicio \u00e8 che gi\u00e0 dal prossimo anno si possa dare continuit\u00e0 a questo percorso, magari coinvolgendo nuove persone e nuove energie, perch\u00e9 il valore che oggi abbiamo visto e ascoltato merita di diventare una presenza stabile nella nostra offerta culturale e sociale.\u201d L\u2019esperienza ha registrato risultati oltre le aspettative grazie alla sinergia tra amministrazione comunale, in particolare con il referente Gianluca Palazzoli, enti coinvolti e realt\u00e0 organizzative del territorio, con un ringraziamento particolare alla Regione Umbria per la collaborazione e l\u2019auspicio di una continuit\u00e0 progettuale. Da sottolineare il prezioso contributo del progettista Francesco Segoni, senza il quale nulla avrebbe avuto inizio. Tra le testimonianze dei partecipanti, emergono con forza il valore umano e trasformativo del percorso: \u00abDopo oltre trent\u2019anni di teatro \u2013 ha precisato\u00a0<strong>Jacopo Falchi<\/strong>\u00a0&#8211; mi \u00e8 capitato di sperimentare il teatro del benessere\u2026 \u00e8 stato sorprendente lavorare con persone che con il teatro non c\u2019entrano niente. Qui si incontra un mondo puro, dove le emozioni fluiscono e la qualit\u00e0 della vita migliora\u201d. \u201cIn un mondo intriso di imbecillit\u00e0 reale e intelligenza artificiale \u2013 ha sottolineato\u00a0<strong>Irene Bistarelli<\/strong>\u00a0&#8211; \u00a0questo percorso \u00e8 stato uno spazio raro di confronto e benessere interiore\u2026 un sentiero di luce e speranza nei momenti di buio. Un\u2019esperienza che auguro a chiunque ne abbia bisogno\u201d. \u00a0<\/p>\n","protected":false},"excerpt":{"rendered":"<p>Raggiunti gli obiettivi del progetto Si \u00e8 svolto sabato presso la sala comunale di musica \u201cG. Puccini\u201d di Citt\u00e0 di Castello, l\u2019evento conclusivo del \u201cLaboratorio di Teatroterapia\u201d, inserito nel programma del BenEssere Teatro Festival e organizzato da FITA Umbria \u2013 Federazione Italiana del Teatro e delle Arti.<\/p>\n","protected":false},"author":1,"featured_media":0,"comment_status":"open","ping_status":"open","sticky":false,"template":"","format":"standard","meta":{"_joinchat":[]},"categories":[1],"tags":[],"_links":{"self":[{"href":"https:\/\/www.radioribelle.it\/index.php\/wp-json\/wp\/v2\/posts\/54042"}],"collection":[{"href":"https:\/\/www.radioribelle.it\/index.php\/wp-json\/wp\/v2\/posts"}],"about":[{"href":"https:\/\/www.radioribelle.it\/index.php\/wp-json\/wp\/v2\/types\/post"}],"author":[{"embeddable":true,"href":"https:\/\/www.radioribelle.it\/index.php\/wp-json\/wp\/v2\/users\/1"}],"replies":[{"embeddable":true,"href":"https:\/\/www.radioribelle.it\/index.php\/wp-json\/wp\/v2\/comments?post=54042"}],"version-history":[{"count":1,"href":"https:\/\/www.radioribelle.it\/index.php\/wp-json\/wp\/v2\/posts\/54042\/revisions"}],"predecessor-version":[{"id":54044,"href":"https:\/\/www.radioribelle.it\/index.php\/wp-json\/wp\/v2\/posts\/54042\/revisions\/54044"}],"wp:attachment":[{"href":"https:\/\/www.radioribelle.it\/index.php\/wp-json\/wp\/v2\/media?parent=54042"}],"wp:term":[{"taxonomy":"category","embeddable":true,"href":"https:\/\/www.radioribelle.it\/index.php\/wp-json\/wp\/v2\/categories?post=54042"},{"taxonomy":"post_tag","embeddable":true,"href":"https:\/\/www.radioribelle.it\/index.php\/wp-json\/wp\/v2\/tags?post=54042"}],"curies":[{"name":"wp","href":"https:\/\/api.w.org\/{rel}","templated":true}]}}