{"id":54139,"date":"2026-04-24T09:36:00","date_gmt":"2026-04-24T07:36:00","guid":{"rendered":"https:\/\/www.radioribelle.it\/?p=54139"},"modified":"2026-04-23T22:43:46","modified_gmt":"2026-04-23T20:43:46","slug":"settimana-velica-internazionale-2026-2","status":"publish","type":"post","link":"https:\/\/www.radioribelle.it\/index.php\/2026\/04\/24\/settimana-velica-internazionale-2026-2\/","title":{"rendered":"SETTIMANA VELICA INTERNAZIONALE 2026"},"content":{"rendered":"\n<div class=\"wp-block-image\"><figure class=\"alignright size-large is-resized\"><img loading=\"lazy\" src=\"https:\/\/www.radioribelle.it\/wp-content\/uploads\/2026\/04\/CAR-bossss_40251_1280x852-1024x682.png\" alt=\"\" class=\"wp-image-54144\" width=\"335\" height=\"223\" srcset=\"https:\/\/www.radioribelle.it\/wp-content\/uploads\/2026\/04\/CAR-bossss_40251_1280x852-1024x682.png 1024w, https:\/\/www.radioribelle.it\/wp-content\/uploads\/2026\/04\/CAR-bossss_40251_1280x852-300x200.png 300w, https:\/\/www.radioribelle.it\/wp-content\/uploads\/2026\/04\/CAR-bossss_40251_1280x852-768x511.png 768w, https:\/\/www.radioribelle.it\/wp-content\/uploads\/2026\/04\/CAR-bossss_40251_1280x852-619x412.png 619w, https:\/\/www.radioribelle.it\/wp-content\/uploads\/2026\/04\/CAR-bossss_40251_1280x852.png 1280w\" sizes=\"(max-width: 335px) 100vw, 335px\" \/><\/figure><\/div>\n\n\n\n<p> LIVORNO ACCOGLIE LE MARINE ESTERE CON UNA PARATA SUGGESTIV  La Settimana Velica Internazionale 2026 (SVI 2026) ha preso ufficialmente il via con la parata delle Marine Estere, un evento che ha trasformato Livorno in un palcoscenico internazionale di sport, cultura marittima e diplomazia.<\/p>\n\n\n\n<!--more-->\n\n\n\n<p>Le delegazioni di 33 Paesi hanno sfilato lungo le vie cittadine, partendo dall\u2019<strong>Accademia Navale<\/strong> e percorrendo il suggestivo lungomare fino al <strong>Comune di Livorno<\/strong>, attraversando la celebre <strong>Terrazza Mascagni<\/strong>, composta da 34.800 piastrelle a scacchiera affacciata sul mare. I delegati sono stati ricevuti dal <strong>Sindaco di Livorno, Luca Salvetti<\/strong>, che ha commentato: <em>\u201caccogliere rappresentanti di cos\u00ec tante Marine \u00e8 stato un onore per la nostra citt\u00e0. Questa parata non ha celebrato solo la vela, ma anche l\u2019amicizia, la diplomazia sportiva e la nostra vocazione marittima. Livorno ha aperto le sue porte al mondo con orgoglio e ospitalit\u00e0.\u201d<\/em> Il <strong>Contrammiraglio Alberto Tarabotto<\/strong>, Comandante dell\u2019Accademia Navale, ha aggiunto: <em>\u201cvedere sfilare le Marine estere lungo il lungomare di Livorno e la Terrazza Mascagni \u00e8 stata un\u2019emozione straordinaria. Questa parata ha rappresentato l\u2019eccellenza della nostra tradizione navale e la capacit\u00e0 di costruire ponti tra Paesi e culture attraverso la vela. La SVI 2026 conferma l\u2019Accademia come centro di formazione internazionale e di dialogo tra giovani marinai di tutto il mondo.\u201d<\/em>Domani prenderanno ufficialmente il via le regate delle <strong>Marine Estere<\/strong> segnando l\u2019inizio effettivo delle competizioni sportive della SVI 2026. clou seguir\u00e0 il <strong>25 aprile<\/strong> con l\u2019attesissima partenza della <strong>RAN 630<\/strong>, che partir\u00e0 da <strong>Nave Duilio<\/strong>, mettendo alla prova gli equipaggi su uno dei percorsi pi\u00f9 affascinanti del Mediterraneo. Contrammiraglio Tarabotto ha dichiarato: <em>\u201cdomani Livorno si trasformer\u00e0 in un vero campo di regata internazionale. La partenza della RAN 630 da Nave Duilio rappresenta il cuore pulsante della nostra tradizione velica e la straordinaria occasione per confrontare giovani talenti e marinai esperti provenienti da tutto il mondo.\u201d<\/em> Durante la settimana, la SVI 2026 ospiter\u00e0 regate internazionali, gare delle classi giovanili, iniziative di vela inclusiva e un fitto programma culturale:<\/p>\n\n\n\n<ul><li>RAN 630 \u2013 la tradizionale regata dell\u2019Accademia Navale, in programma dal 25 aprile;<\/li><li>Naval Academies Regatta \u2013 circa 40 equipaggi delle Marine estere gareggeranno su imbarcazioni Tridente 16;<\/li><li>Classi 420, 470, Flying Junior, Fireball, Windsurf, J24, Hansa 303, 2.4 MR, Martin 16 \u2013 competizioni nazionali e internazionali per giovani velisti;<\/li><li>Vela inclusiva \u2013 novit\u00e0 assoluta, la barca Malupa 5.0 ha permesso a persone con disabilit\u00e0 di navigare in sicurezza con equipaggi misti.<\/li><\/ul>\n\n\n\n<p>Altro appuntamento atteso, sar\u00e0 la cerimonia di apertura del <strong>Villaggio della Vela<\/strong>, presso le Ex Officine di Porta a Mare, che ospiter\u00e0 spazi accessibili e attivit\u00e0 per famiglie, scuole e visitatori di ogni et\u00e0, tra cui:<\/p>\n\n\n\n<ul><li>Mostra fotografica \u201cOn Board\u201d del fotografo Carlo Mari;<\/li><li>Mostra sui sommergibili a cura dell\u2019Associazione Betasom;<\/li><li>Incontri culturali su Coppa America, sul Vespucci, storia navale e restauri di barche d\u2019epoca;<\/li><li>Laboratori e iniziative dedicate all\u2019inclusione e alla formazione dei giovani;<\/li><li>Stand tematici e attivit\u00e0 sportive per tutti.<\/li><li><\/li><\/ul>\n","protected":false},"excerpt":{"rendered":"<p>LIVORNO ACCOGLIE LE MARINE ESTERE CON UNA PARATA SUGGESTIV La Settimana Velica Internazionale 2026 (SVI 2026) ha preso ufficialmente il via con la parata delle Marine Estere, un evento che ha trasformato Livorno in un palcoscenico internazionale di sport, cultura marittima e diplomazia.<\/p>\n","protected":false},"author":1,"featured_media":0,"comment_status":"open","ping_status":"open","sticky":false,"template":"","format":"standard","meta":{"_joinchat":[]},"categories":[1],"tags":[],"_links":{"self":[{"href":"https:\/\/www.radioribelle.it\/index.php\/wp-json\/wp\/v2\/posts\/54139"}],"collection":[{"href":"https:\/\/www.radioribelle.it\/index.php\/wp-json\/wp\/v2\/posts"}],"about":[{"href":"https:\/\/www.radioribelle.it\/index.php\/wp-json\/wp\/v2\/types\/post"}],"author":[{"embeddable":true,"href":"https:\/\/www.radioribelle.it\/index.php\/wp-json\/wp\/v2\/users\/1"}],"replies":[{"embeddable":true,"href":"https:\/\/www.radioribelle.it\/index.php\/wp-json\/wp\/v2\/comments?post=54139"}],"version-history":[{"count":1,"href":"https:\/\/www.radioribelle.it\/index.php\/wp-json\/wp\/v2\/posts\/54139\/revisions"}],"predecessor-version":[{"id":54145,"href":"https:\/\/www.radioribelle.it\/index.php\/wp-json\/wp\/v2\/posts\/54139\/revisions\/54145"}],"wp:attachment":[{"href":"https:\/\/www.radioribelle.it\/index.php\/wp-json\/wp\/v2\/media?parent=54139"}],"wp:term":[{"taxonomy":"category","embeddable":true,"href":"https:\/\/www.radioribelle.it\/index.php\/wp-json\/wp\/v2\/categories?post=54139"},{"taxonomy":"post_tag","embeddable":true,"href":"https:\/\/www.radioribelle.it\/index.php\/wp-json\/wp\/v2\/tags?post=54139"}],"curies":[{"name":"wp","href":"https:\/\/api.w.org\/{rel}","templated":true}]}}