{"id":54154,"date":"2026-04-25T07:12:00","date_gmt":"2026-04-25T05:12:00","guid":{"rendered":"https:\/\/www.radioribelle.it\/?p=54154"},"modified":"2026-04-26T19:48:49","modified_gmt":"2026-04-26T17:48:49","slug":"emergenza-e-urgenza","status":"publish","type":"post","link":"https:\/\/www.radioribelle.it\/index.php\/2026\/04\/25\/emergenza-e-urgenza\/","title":{"rendered":"Emergenza e Urgenza"},"content":{"rendered":"\n<div class=\"wp-block-image\"><figure class=\"aligncenter size-full is-resized\"><img loading=\"lazy\" src=\"https:\/\/www.radioribelle.it\/wp-content\/uploads\/2026\/04\/asl-romagna-2.png\" alt=\"\" class=\"wp-image-54155\" width=\"630\" height=\"156\" srcset=\"https:\/\/www.radioribelle.it\/wp-content\/uploads\/2026\/04\/asl-romagna-2.png 960w, https:\/\/www.radioribelle.it\/wp-content\/uploads\/2026\/04\/asl-romagna-2-300x74.png 300w, https:\/\/www.radioribelle.it\/wp-content\/uploads\/2026\/04\/asl-romagna-2-768x190.png 768w, https:\/\/www.radioribelle.it\/wp-content\/uploads\/2026\/04\/asl-romagna-2-619x153.png 619w\" sizes=\"(max-width: 630px) 100vw, 630px\" \/><\/figure><\/div>\n\n\n\n<p>ROMAGNA  &#8211; in costante calo in Romagna gli accessi di minore gravit\u00e0 ai Pronto Soccorso. Metodo non corretto sommare i dati a quelli del servizio CAU I dati relativi all\u2019attivit\u00e0 dei servizi forniti dall\u2019Azienda Usl della Romagna sono costantemente monitorati e valutati proprio nell\u2019intento di fornire<\/p>\n\n\n\n<!--more-->\n\n\n\n<p> in termini organizzativi, le migliori risposte possibili ai bisogni di salute dei cittadini. E questo vale pertanto per quelli che riguardano le strutture di emergenza e urgenza al centro dell\u2019intervento del consigliere regionale Pietro Vignali diramato agli organi di informazione. Una prima, significativa, avvertenza comunque \u00e8 quella che in sede di analisi non \u00e8 metodologicamente corretto prendere in considerazione la somma di accessi ai Pronto Soccorso e ai CAU per confrontarli con l\u2019andamento pre-Covid, questo perch\u00e9 il CAU \u00e8 di fatto un servizio aggiuntivo che nasce per finalit\u00e0 diverse dal Pronto Soccorso e per rispondere a delle situazioni di bassa complessit\u00e0.&nbsp;In concreto i CAU attivati in Romagna accolgono anche pazienti che non hanno trovato risposta alle loro esigenze dal medico di medicina generale o hanno bisogno di assistenza in giorni in cui non \u00e8 disponibile il loro medico, come indicano gli stessi utenti nei questionari di gradimento. In buona sostanza,&nbsp;non ci si poteva aspettare che la sommatoria di attivit\u00e0 di servizi diversi (CAU,&nbsp;PS, PPI) potesse rimanere invariata. Quel che ci si attendeva con l\u2019attivazione dei CAU da parte della Regione Emilia-Romagna era un ricorso pi\u00f9 appropriato al Pronto Soccorso, con una riduzione degli accessi potenzialmente impropri, di minore gravit\u00e0, ed \u00e8 quello che effettivamente emerge dai dati: dal 2023 al 2025 si assiste infatti a una progressiva riduzione degli accessi codici bianchi (non urgenza) e verdi (urgenza minore), con oltre 20.000 accessi in meno pari al 9% nel 2025 rispetto al 2023; un trend che trova conferma anche nei primi tre mesi dell\u2019anno in corso (gennaio-marzo 2026). Una tendenza spiegabile con la progressiva presa di consapevolezza da parte dei cittadini che per le situazioni a minore complessit\u00e0 possono trovare pi\u00f9 appropriata e tempestiva risposta nei CAU, i cui dati di attivit\u00e0 sono in costante crescita, ovviamente con ancora verosimile margine di miglioramento. Nel territorio romagnolo il tasso di abbandoni (il numero di coloro che abbandonano il Pronto Soccorso sul totale dei soggetti che accedono) \u00e8 sostanzialmente allineato a quello medio regionale (6,1% nel 2025), fatta eccezione per gli ospedali di Forl\u00ec, Rimini e Riccione, leggermente in controtendenza. In particolare nei casi dei PS dell\u2019ospedale Infermi e del Ceccarini i dati mensili mostrano picchi di accessi \u2013 e quindi anche di abbandoni \u2013 nel periodo estivo, legati ovviamente alle presenze turistiche sulla Riviera. Inoltre,&nbsp;il fenomeno degli abbandoni \u00e8 prevalentemente concentrato sugli accessi con codici di bassa gravit\u00e0 in ingresso (bianchi e verdi): in percentuale superiore al 70% sul totale degli abbandoni avvenuti nel periodo 2023-2025 e pure nei primi tre mesi del 2026.<\/p>\n\n\n\n<p>Per quanto riguarda, infine, il tasso di abbandoni nei CAU rispetto al totale degli accessi, nel 2025 (268.746 accessi) si attesta a valori contenuti al 3%.<\/p>\n\n\n\n<p>Ausl Romagna<\/p>\n","protected":false},"excerpt":{"rendered":"<p>ROMAGNA &#8211; in costante calo in Romagna gli accessi di minore gravit\u00e0 ai Pronto Soccorso. Metodo non corretto sommare i dati a quelli del servizio CAU I dati relativi all\u2019attivit\u00e0 dei servizi forniti dall\u2019Azienda Usl della Romagna sono costantemente monitorati e valutati proprio nell\u2019intento di fornire<\/p>\n","protected":false},"author":1,"featured_media":0,"comment_status":"open","ping_status":"open","sticky":false,"template":"","format":"standard","meta":{"_joinchat":[]},"categories":[1],"tags":[],"_links":{"self":[{"href":"https:\/\/www.radioribelle.it\/index.php\/wp-json\/wp\/v2\/posts\/54154"}],"collection":[{"href":"https:\/\/www.radioribelle.it\/index.php\/wp-json\/wp\/v2\/posts"}],"about":[{"href":"https:\/\/www.radioribelle.it\/index.php\/wp-json\/wp\/v2\/types\/post"}],"author":[{"embeddable":true,"href":"https:\/\/www.radioribelle.it\/index.php\/wp-json\/wp\/v2\/users\/1"}],"replies":[{"embeddable":true,"href":"https:\/\/www.radioribelle.it\/index.php\/wp-json\/wp\/v2\/comments?post=54154"}],"version-history":[{"count":2,"href":"https:\/\/www.radioribelle.it\/index.php\/wp-json\/wp\/v2\/posts\/54154\/revisions"}],"predecessor-version":[{"id":54157,"href":"https:\/\/www.radioribelle.it\/index.php\/wp-json\/wp\/v2\/posts\/54154\/revisions\/54157"}],"wp:attachment":[{"href":"https:\/\/www.radioribelle.it\/index.php\/wp-json\/wp\/v2\/media?parent=54154"}],"wp:term":[{"taxonomy":"category","embeddable":true,"href":"https:\/\/www.radioribelle.it\/index.php\/wp-json\/wp\/v2\/categories?post=54154"},{"taxonomy":"post_tag","embeddable":true,"href":"https:\/\/www.radioribelle.it\/index.php\/wp-json\/wp\/v2\/tags?post=54154"}],"curies":[{"name":"wp","href":"https:\/\/api.w.org\/{rel}","templated":true}]}}