{"id":54180,"date":"2026-04-28T06:47:00","date_gmt":"2026-04-28T04:47:00","guid":{"rendered":"https:\/\/www.radioribelle.it\/?p=54180"},"modified":"2026-04-26T18:10:15","modified_gmt":"2026-04-26T16:10:15","slug":"leonardo-da-vinci-nasce-fuori-dagli-schemi","status":"publish","type":"post","link":"https:\/\/www.radioribelle.it\/index.php\/2026\/04\/28\/leonardo-da-vinci-nasce-fuori-dagli-schemi\/","title":{"rendered":"Leonardo da Vinci nasce fuori dagli schemi"},"content":{"rendered":"\n<p><br>Figlio illegittimo, cresciuto ai margini, mai davvero dentro un posto preciso nel mondo. Ed \u00e8 forse proprio questa distanza a renderlo diverso: uno sguardo libero, inquieto, incapace di fermarsi alla superficie<\/p>\n\n\n\n<div class=\"wp-block-image\"><figure class=\"aligncenter size-full is-resized\"><img loading=\"lazy\" src=\"https:\/\/www.radioribelle.it\/wp-content\/uploads\/2026\/04\/leonardo-da-vinci.jpeg\" alt=\"\" class=\"wp-image-54181\" width=\"512\" height=\"279\" srcset=\"https:\/\/www.radioribelle.it\/wp-content\/uploads\/2026\/04\/leonardo-da-vinci.jpeg 1024w, https:\/\/www.radioribelle.it\/wp-content\/uploads\/2026\/04\/leonardo-da-vinci-300x164.jpeg 300w, https:\/\/www.radioribelle.it\/wp-content\/uploads\/2026\/04\/leonardo-da-vinci-768x419.jpeg 768w, https:\/\/www.radioribelle.it\/wp-content\/uploads\/2026\/04\/leonardo-da-vinci-619x338.jpeg 619w\" sizes=\"(max-width: 512px) 100vw, 512px\" \/><\/figure><\/div>\n\n\n\n<p>Fin da giovane osserva ogni cosa. I volti, i movimenti impercettibili, i silenzi pi\u00f9 eloquenti delle parole. Non gli basta guardare: vuole comprendere. Andare oltre ci\u00f2 che appare. Dentro i corpi, dentro le emozioni, dentro la realt\u00e0 invisibile. Scriver\u00e0: \u00abSaper ascoltare significa possedere, oltre al proprio, il cervello degli altri.\u00bb<\/p>\n\n\n\n<!--more-->\n\n\n\n<p>A soli quattordici anni entra nella bottega del Verrocchio. Ma la pittura, per lui, non \u00e8 un punto d\u2019arrivo. \u00c8 solo l\u2019inizio. Studia, prende appunti, sperimenta senza sosta. E soprattutto immagina.<br>Non separa mai ci\u00f2 che conosce da ci\u00f2 che crea. Ed \u00e8 proprio da questa fusione che nascono le sue opere. Nell\u2019Ultima Cena non si limita a raffigurare un momento. Mette in scena una frattura. Cristo parla, e tutto cambia. Gli apostoli reagiscono: chi si ritrae, chi si agita, chi resta sospeso, chi \u00e8 gi\u00e0 attraversato dal dubbio. Ogni volto racconta qualcosa di diverso. Ogni gesto \u00e8 una risposta.<br>Non \u00e8 solo pittura: \u00e8 tensione viva. \u00c8 l\u2019istante in cui l\u2019essere umano si trasforma. Perch\u00e9 ogni cambiamento nasce da una rottura. E spesso \u00e8 proprio l\u00ec che la vita prende forma.<\/p>\n\n\n\n<p>Poi dedica anni a un volto. Quello di una donna.<br>Un sorriso che sfugge, che non si lascia definire. Lo studia nei minimi dettagli, tra muscoli e luce, tra ombre e percezioni.<br>Nasce cos\u00ec la Gioconda.<\/p>\n\n\n\n<p>Ma quel sorriso non \u00e8 un sorriso. \u00c8 qualcosa di pi\u00f9 profondo. \u00c8 instabile, mutevole, impossibile da fissare.<br>Come a dire che la verit\u00e0 non \u00e8 mai una sola. Che tutto \u00e8 in movimento. Che anche ci\u00f2 che crediamo fermo, in realt\u00e0 cambia&nbsp;continuamente.<\/p>\n\n\n\n<p>Negli anni successivi Leonardo non si arresta. Studia il cuore umano e il funzionamento delle sue valvole. Disegna il feto nell\u2019utero con precisione sorprendente. Progetta sistemi per l\u2019acqua e il territorio.<br>Per lui non esistono barriere: arte e scienza, natura e corpo, pensiero e materia sono parti di un unico dialogo.<\/p>\n\n\n\n<p>Tutto \u00e8 collegato. Tutto si influenza.<\/p>\n\n\n\n<p>Oggi, invece, viviamo in un\u2019epoca diversa. Abbiamo competenze sempre pi\u00f9 specifiche, figure sempre pi\u00f9 specializzate.<br>Ma manca qualcosa: una visione capace di unire.<\/p>\n\n\n\n<p>\u00c8 per questo che ricordare Leonardo \u00e8 ancora fondamentale.<br>Ci ha insegnato che sapere non significa accumulare informazioni, ma metterle in relazione. Che la conoscenza non \u00e8 un confine da spostare, ma uno spazio da ampliare.<\/p>\n\n\n\n<p>Leonardo non \u00e8 stato solo un genio. \u00c8 stato un modo di pensare.<\/p>\n\n\n\n<p>E forse \u00e8 proprio quel modo di pensare che oggi abbiamo perduto.<\/p>\n\n\n\n<p>&nbsp;Salvo Nugnes<\/p>\n","protected":false},"excerpt":{"rendered":"<p>Figlio illegittimo, cresciuto ai margini, mai davvero dentro un posto preciso nel mondo. Ed \u00e8 forse proprio questa distanza a renderlo diverso: uno sguardo libero, inquieto, incapace di fermarsi alla superficie Fin da giovane osserva ogni cosa. I volti, i movimenti impercettibili, i silenzi pi\u00f9 eloquenti delle parole. Non gli basta guardare: vuole comprendere. Andare [&hellip;]<\/p>\n","protected":false},"author":1,"featured_media":0,"comment_status":"open","ping_status":"open","sticky":false,"template":"","format":"standard","meta":{"_joinchat":[]},"categories":[1],"tags":[],"_links":{"self":[{"href":"https:\/\/www.radioribelle.it\/index.php\/wp-json\/wp\/v2\/posts\/54180"}],"collection":[{"href":"https:\/\/www.radioribelle.it\/index.php\/wp-json\/wp\/v2\/posts"}],"about":[{"href":"https:\/\/www.radioribelle.it\/index.php\/wp-json\/wp\/v2\/types\/post"}],"author":[{"embeddable":true,"href":"https:\/\/www.radioribelle.it\/index.php\/wp-json\/wp\/v2\/users\/1"}],"replies":[{"embeddable":true,"href":"https:\/\/www.radioribelle.it\/index.php\/wp-json\/wp\/v2\/comments?post=54180"}],"version-history":[{"count":1,"href":"https:\/\/www.radioribelle.it\/index.php\/wp-json\/wp\/v2\/posts\/54180\/revisions"}],"predecessor-version":[{"id":54182,"href":"https:\/\/www.radioribelle.it\/index.php\/wp-json\/wp\/v2\/posts\/54180\/revisions\/54182"}],"wp:attachment":[{"href":"https:\/\/www.radioribelle.it\/index.php\/wp-json\/wp\/v2\/media?parent=54180"}],"wp:term":[{"taxonomy":"category","embeddable":true,"href":"https:\/\/www.radioribelle.it\/index.php\/wp-json\/wp\/v2\/categories?post=54180"},{"taxonomy":"post_tag","embeddable":true,"href":"https:\/\/www.radioribelle.it\/index.php\/wp-json\/wp\/v2\/tags?post=54180"}],"curies":[{"name":"wp","href":"https:\/\/api.w.org\/{rel}","templated":true}]}}