{"id":5426,"date":"2022-09-17T15:16:00","date_gmt":"2022-09-17T13:16:00","guid":{"rendered":"https:\/\/www.radioribelle.it\/?p=5426"},"modified":"2022-09-17T07:27:51","modified_gmt":"2022-09-17T05:27:51","slug":"al-via-il-montessori-day","status":"publish","type":"post","link":"https:\/\/www.radioribelle.it\/index.php\/2022\/09\/17\/al-via-il-montessori-day\/","title":{"rendered":"Al via il Montessori Day"},"content":{"rendered":"\n<div class=\"wp-block-image\"><figure class=\"alignright size-large is-resized\"><img loading=\"lazy\" src=\"https:\/\/www.radioribelle.it\/wp-content\/uploads\/2022\/09\/Lawrence-Botteghi-Secondi-Shivji-1024x683.jpg\" alt=\"\" class=\"wp-image-5427\" width=\"404\" height=\"269\" srcset=\"https:\/\/www.radioribelle.it\/wp-content\/uploads\/2022\/09\/Lawrence-Botteghi-Secondi-Shivji-1024x683.jpg 1024w, https:\/\/www.radioribelle.it\/wp-content\/uploads\/2022\/09\/Lawrence-Botteghi-Secondi-Shivji-300x200.jpg 300w, https:\/\/www.radioribelle.it\/wp-content\/uploads\/2022\/09\/Lawrence-Botteghi-Secondi-Shivji-768x512.jpg 768w, https:\/\/www.radioribelle.it\/wp-content\/uploads\/2022\/09\/Lawrence-Botteghi-Secondi-Shivji-1536x1024.jpg 1536w, https:\/\/www.radioribelle.it\/wp-content\/uploads\/2022\/09\/Lawrence-Botteghi-Secondi-Shivji-2048x1365.jpg 2048w, https:\/\/www.radioribelle.it\/wp-content\/uploads\/2022\/09\/Lawrence-Botteghi-Secondi-Shivji-619x413.jpg 619w\" sizes=\"(max-width: 404px) 100vw, 404px\" \/><\/figure><\/div>\n\n\n\n<p>CITTA&#8217; DI CASTELLO &#8211;  la Fondazione Villa Montesca promuove un incontro in Comune con i pi\u00f9 importanti enti montessoriani del mondo&#8221; Una giornata speciale quella che si \u00e8 svolta Marted\u00ec 13 settembre tra Villa Montesca e la sede del Comune di Citt\u00e0 di Castello, <\/p>\n\n\n\n<!--more-->\n\n\n\n<p>interamente dedicata alla pedagogista di Chiaravalle e promossa dalla\u00a0 Fondazione Hallgarten-Franchetti Centro Studi Villa Montesca in collaborazione con la Scuola dell\u2019Infanzia Santa Croce di Perugia, l\u2019Universit\u00e0 per Stranieri di Perugia, la Tela Umbra e la Fondazione eLand. MLe delegazioni\u00a0dell\u2019American Montessori Society composte da esperti montessoriani insieme al Direttore Munir Shivji e dell\u2019Association Montessori Internationale insieme al Presidente uscente Philip O\u2019Brien, al nuovo Presidente Alain Tschudin e alla Direttrice Lynne Lawrence sono state ricevute in Comune presso la Sala Consiliare per sviluppare una riflessione su future prospettive di collaborazione per promuovere la tradizione e l\u2019esperienza montessoriana umbra nel mondo. All\u2019incontro hanno partecipato oltre al presidente della Fondazione Villa Montesca Angelo Capecci, che ha introdotto e moderato l\u2019incontro, il Sindaco di Citt\u00e0 di Castello Luca Secondi (che ha sottolineato l\u2019importanza di questo evento che si inserisce nella programmazione culturale e formativa della Fondazione Villa Montesca) insieme all\u2019Assessore alla Cultura Michela Botteghi, il Rettore dell\u2019Universit\u00e0 per Stranieri Valerio De Cesaris, la Responsabile del Servizio Istruzione della Regione Umbria Valentina Bendini, il Presidente uscente della Tela Umbra Pasquale La Gala e il Presidente della Fondazione eLand Matteo Ferroni.<\/p>\n\n\n\n<p>Nella mattinata, nel corso di una proficua visita presso la sede della Fondazione, il Direttore Fabrizio Boldrini insieme a Maria Rita Bracchini Responsabile Area Europa di Villa Montesca, hanno illustrato i progetti sviluppati in ambito sociale ed educativo ed hanno presentato agli ospiti la tradizione storica dei Baroni Franchetti guidandoli in un&nbsp;<em>tour<\/em>&nbsp;dei luoghi vissuti da&nbsp;Alice e Leopoldo insieme a Maria Montessori all\u2019inizio del secolo scorso.<\/p>\n\n\n\n<p><em>\u201cVenire a Citt\u00e0 di Castello nei luoghi di Maria Montessori e Alice Hallgarten \u00e8 stata un\u2019esperienza spirituale, \u00e8 stato &nbsp;un modo per comprendere le radici del percorso montessoriano e riportarle negli Stati Uniti. La nostra organizzazione gestisce pi\u00f9 di 500 scuole montessoriane in tutti gli Stati Uniti e pi\u00f9 di 300 corsi di formazione per educatori, il nostro obiettivo principale non \u00e8 quello di insegnare il metodo solo nelle scuole montessoriane dedicate ma anche quelle in pubbliche, e conoscere la realt\u00e0 italiana potrebbe dare un nuovo impulso visto che sono state gi\u00e0 sviluppate esperienze di questo tipo. Abbiamo tutta l\u2019intenzione di creare future partnership e nuove collaborazioni,&nbsp;sicuramente ci aspetta un futuro ricco di&nbsp;prospettive da valutare insieme alla Fondazione anche per ridare vita a Villa Montesca\u201d.&nbsp;<\/em>Ha commentato Munir Shivji Direttore dell\u2019American Montessori Society.<\/p>\n\n\n\n<p><em>\u201c\u00c8 molto importante conoscere Citt\u00e0 di Castello e la storia dei Baroni Franchetti e Maria Montessori a Villa Montesca, non solo perch\u00e9 qui troviamo le tracce dell\u2019inizio di tutto, ma soprattutto perch\u00e9 c\u2019\u00e8 un partner che pu\u00f2 garantire l\u2019 approccio del famoso metodo che \u00e8 molto chiaro: i bambini sono i proprietari del loro sapere , ma anche dare loro la possibilit\u00e0 di vivere meglio in questo mondo \u00e8 importantissimo e fondamentale. In questa regione,&nbsp;nell\u2019operato della Fondazione Villa Montesca troviamo prospettive di una educazione alla pace, inclusiva che coinvolge il mondo degli adulti ma soprattutto le persone svantaggiate\u201d.<\/em>&nbsp;Ha concluso Lynne Lawrence Direttrice Association Montessori Internationale.<\/p>\n\n\n\n<p>Il presidente Capecci alla fine della giornata ha cos\u00ec commentato:&nbsp;<em>\u201cSiamo molto soddisfatti di questa giornata anche perch\u00e9 crediamo nell\u2019importanza di trovare nuove sinergie per poter sviluppare collaborazioni future e soprattutto per continuare a promuovere il patrimonio culturale e l\u2019eredit\u00e0 scientifica dei Baroni Franchetti nel settore delle scienze dell\u2019educazione<\/em>&nbsp;<em>e anche per &nbsp;valorizzare sotto il profilo turistico il patrimonio ambientale e storico di Citt\u00e0 di Castello, come la Villa, il parco e la Tela Umbra\u201d.<\/em><\/p>\n","protected":false},"excerpt":{"rendered":"<p>CITTA&#8217; DI CASTELLO &#8211; la Fondazione Villa Montesca promuove un incontro in Comune con i pi\u00f9 importanti enti montessoriani del mondo&#8221; Una giornata speciale quella che si \u00e8 svolta Marted\u00ec 13 settembre tra Villa Montesca e la sede del Comune di Citt\u00e0 di Castello,<\/p>\n","protected":false},"author":1,"featured_media":0,"comment_status":"open","ping_status":"open","sticky":false,"template":"","format":"standard","meta":{"_joinchat":[]},"categories":[1],"tags":[],"_links":{"self":[{"href":"https:\/\/www.radioribelle.it\/index.php\/wp-json\/wp\/v2\/posts\/5426"}],"collection":[{"href":"https:\/\/www.radioribelle.it\/index.php\/wp-json\/wp\/v2\/posts"}],"about":[{"href":"https:\/\/www.radioribelle.it\/index.php\/wp-json\/wp\/v2\/types\/post"}],"author":[{"embeddable":true,"href":"https:\/\/www.radioribelle.it\/index.php\/wp-json\/wp\/v2\/users\/1"}],"replies":[{"embeddable":true,"href":"https:\/\/www.radioribelle.it\/index.php\/wp-json\/wp\/v2\/comments?post=5426"}],"version-history":[{"count":1,"href":"https:\/\/www.radioribelle.it\/index.php\/wp-json\/wp\/v2\/posts\/5426\/revisions"}],"predecessor-version":[{"id":5428,"href":"https:\/\/www.radioribelle.it\/index.php\/wp-json\/wp\/v2\/posts\/5426\/revisions\/5428"}],"wp:attachment":[{"href":"https:\/\/www.radioribelle.it\/index.php\/wp-json\/wp\/v2\/media?parent=5426"}],"wp:term":[{"taxonomy":"category","embeddable":true,"href":"https:\/\/www.radioribelle.it\/index.php\/wp-json\/wp\/v2\/categories?post=5426"},{"taxonomy":"post_tag","embeddable":true,"href":"https:\/\/www.radioribelle.it\/index.php\/wp-json\/wp\/v2\/tags?post=5426"}],"curies":[{"name":"wp","href":"https:\/\/api.w.org\/{rel}","templated":true}]}}