{"id":5747,"date":"2022-09-26T15:03:00","date_gmt":"2022-09-26T13:03:00","guid":{"rendered":"https:\/\/www.radioribelle.it\/?p=5747"},"modified":"2022-09-26T11:41:08","modified_gmt":"2022-09-26T09:41:08","slug":"il-progetto-ariadnes-thread-for-youth-deviance","status":"publish","type":"post","link":"https:\/\/www.radioribelle.it\/index.php\/2022\/09\/26\/il-progetto-ariadnes-thread-for-youth-deviance\/","title":{"rendered":"Il progetto \u201cAriadne\u2019s thread for Youth deviance\u201d"},"content":{"rendered":"\n<div class=\"wp-block-image\"><figure class=\"alignright size-full is-resized\"><img loading=\"lazy\" src=\"https:\/\/www.radioribelle.it\/wp-content\/uploads\/2022\/09\/PARCO.png\" alt=\"\" class=\"wp-image-5748\" width=\"287\" height=\"184\" srcset=\"https:\/\/www.radioribelle.it\/wp-content\/uploads\/2022\/09\/PARCO.png 664w, https:\/\/www.radioribelle.it\/wp-content\/uploads\/2022\/09\/PARCO-300x192.png 300w, https:\/\/www.radioribelle.it\/wp-content\/uploads\/2022\/09\/PARCO-619x397.png 619w\" sizes=\"(max-width: 287px) 100vw, 287px\" \/><\/figure><\/div>\n\n\n\n<p>AREZZO &#8211;  Il progetto europeo \u201cAriadne\u2019s thread for Youth Deviance &#8211; Il filo di Arianna contro il disagio giovanile\u201d, sostenuto dal programma Erasmus + Sport 2020 dell\u2019Unione Europea, ha come obiettivo la sensibilizzazione nei confronti del disagio giovanile. Il progetto \u00e8 realizzato da un Partenariato europeo composto dal Comune di Katerini (Grecia), dalla Scuola professionale di Pallavolo di Riga (Lettonia), dall\u2019Ente<br>pubblico per lo Sport di Nova Gorica (Slovenia) e dall&#8217;Associazione I Care (Arezzo),<br>del quale la Provincia di Arezzo \u00e8 Ente capofila e coordinatore.<\/p>\n\n\n\n<!--more-->\n\n\n\n<p><br>L\u2019obiettivo principale del progetto \u00e8 far emergere eventuali situazioni di disagio<br>giovanile prima che sfocino in marginalit\u00e0 e devianza vere e proprie e attuare di<br>conseguenza degli interventi mirati.<\/p>\n\n\n\n<p>A CHE PUNTO SIAMO?<\/p>\n\n\n\n<p>\uf0b7 il 28 settembre 2022 dalle 18,00 alle 19,30 sar\u00e0 tenuto un Webinar<br>rivolto ai genitori degli studenti e ai docenti della scuola secondaria di<br>secondo grado, ma al quale potr\u00e0 partecipare chiunque fosse interessato alle<br>problematiche affrontate, sui temi:   Il 30 settembre 2022, in concomitanza con la \u201cSettimana Europea dello Sport\u201d sar\u00e0 tenuto presso la Palestra Mecenate di Arezzo l\u2019evento finale del<br>progetto con lo svolgimento di un torneo di pallavolo fra gli studenti delle<br>scuole aderenti. Il torneo si svolger\u00e0 secondo regole che favoriranno<br>l\u2019inclusione di tutti i partecipanti, verranno infatti stilate due classifiche: la<br>classifica tradizionale \u201ca punti\u201d e la classifica \u201cfar gioco\u201d quest\u2019ultima<br>premier\u00e0 la squadra che sar\u00e0 pi\u00f9 inclusiva nel far partecipare tutti i giocatori.<br>Gli arbitraggi saranno curati dalla FIPAV &#8211; Federazione Italiana Pallavolo &#8211; in<br>collaborazione della Consulta Provinciale degli Studenti. L\u2019evento vedr\u00e0 la<br>partecipazione straordinaria di due giocatori della Squadra Nazionale di<br>Sitting Volley ALESSANDRO FERRETTI E SIMONE ORCIATI che illustreranno agli<br>studenti la disciplina sportiva del Sitting Volley, rappresenteranno le loro<br>esperienze personali di atleti paralimpici e giocheranno con i ragazzi. Allo<br>scopo di darne la massima visibilit\u00e0, in coerenza con il piano di diffusione<br>previsto finalizzato alla condivisione dei risultati del progetto all&#8217;interno e<br>all&#8217;esterno delle organizzazioni, ad ogni studente sar\u00e0 data una maglietta con i<br>loghi degli Enti finanziatori del progetto ( Unione Europea e Provincia di  Arezzo) e sar\u00e0 rilasciato un attestato di partecipazione. Al termine del torneo, i palloni utilizzati per il gioco saranno donati alle scuole partecipanti, con lo scopo di rendere disponibile una dotazione minima di attrezzatura affinch\u00e8<br>possa essere garantita la sostenibilit\u00e0 del progetto dimostrando la sua<br>capacit\u00e0 di continuare ad avere un impatto e produrre risultati anche dopo<br>che il progetto in senso stretto si \u00e8 esaurito.<\/p>\n","protected":false},"excerpt":{"rendered":"<p>AREZZO &#8211; Il progetto europeo \u201cAriadne\u2019s thread for Youth Deviance &#8211; Il filo di Arianna contro il disagio giovanile\u201d, sostenuto dal programma Erasmus + Sport 2020 dell\u2019Unione Europea, ha come obiettivo la sensibilizzazione nei confronti del disagio giovanile. Il progetto \u00e8 realizzato da un Partenariato europeo composto dal Comune di Katerini (Grecia), dalla Scuola professionale [&hellip;]<\/p>\n","protected":false},"author":1,"featured_media":0,"comment_status":"open","ping_status":"open","sticky":false,"template":"","format":"standard","meta":{"_joinchat":[]},"categories":[1],"tags":[],"_links":{"self":[{"href":"https:\/\/www.radioribelle.it\/index.php\/wp-json\/wp\/v2\/posts\/5747"}],"collection":[{"href":"https:\/\/www.radioribelle.it\/index.php\/wp-json\/wp\/v2\/posts"}],"about":[{"href":"https:\/\/www.radioribelle.it\/index.php\/wp-json\/wp\/v2\/types\/post"}],"author":[{"embeddable":true,"href":"https:\/\/www.radioribelle.it\/index.php\/wp-json\/wp\/v2\/users\/1"}],"replies":[{"embeddable":true,"href":"https:\/\/www.radioribelle.it\/index.php\/wp-json\/wp\/v2\/comments?post=5747"}],"version-history":[{"count":1,"href":"https:\/\/www.radioribelle.it\/index.php\/wp-json\/wp\/v2\/posts\/5747\/revisions"}],"predecessor-version":[{"id":5749,"href":"https:\/\/www.radioribelle.it\/index.php\/wp-json\/wp\/v2\/posts\/5747\/revisions\/5749"}],"wp:attachment":[{"href":"https:\/\/www.radioribelle.it\/index.php\/wp-json\/wp\/v2\/media?parent=5747"}],"wp:term":[{"taxonomy":"category","embeddable":true,"href":"https:\/\/www.radioribelle.it\/index.php\/wp-json\/wp\/v2\/categories?post=5747"},{"taxonomy":"post_tag","embeddable":true,"href":"https:\/\/www.radioribelle.it\/index.php\/wp-json\/wp\/v2\/tags?post=5747"}],"curies":[{"name":"wp","href":"https:\/\/api.w.org\/{rel}","templated":true}]}}