{"id":5756,"date":"2022-09-26T15:17:29","date_gmt":"2022-09-26T13:17:29","guid":{"rendered":"https:\/\/www.radioribelle.it\/?p=5756"},"modified":"2022-09-26T15:17:29","modified_gmt":"2022-09-26T13:17:29","slug":"bagno-di-romagna-elezioni-politiche-i-risultati","status":"publish","type":"post","link":"https:\/\/www.radioribelle.it\/index.php\/2022\/09\/26\/bagno-di-romagna-elezioni-politiche-i-risultati\/","title":{"rendered":"Bagno di Romagna:  elezioni politiche i risultati"},"content":{"rendered":"\n<div class=\"wp-block-image\"><figure class=\"alignleft size-full\"><img loading=\"lazy\" width=\"324\" height=\"155\" src=\"https:\/\/www.radioribelle.it\/wp-content\/uploads\/2022\/09\/municipio.jpg\" alt=\"\" class=\"wp-image-5757\" srcset=\"https:\/\/www.radioribelle.it\/wp-content\/uploads\/2022\/09\/municipio.jpg 324w, https:\/\/www.radioribelle.it\/wp-content\/uploads\/2022\/09\/municipio-300x144.jpg 300w\" sizes=\"(max-width: 324px) 100vw, 324px\" \/><\/figure><\/div>\n\n\n\n<p>I risultati delle elezioni del 25 Settembre 2022  In primo luogo, voglio congratularmi con tutti Voi per la grande affluenza alle urne, che \u00e8 stata una delle pi\u00f9 alte in assoluto. Avete votato in 3.380 aventi diritto, facendo registrare una partecipazione al voto pari al 74,38%. <\/p>\n\n\n\n<!--more-->\n\n\n\n<p>Considerate che la media dell\u2019affluenza in Italia si \u00e8 fermata al 63,9%. In Emilia-Romagna si \u00e8 attestata al 71%.Nella nostra Provincia ha registrato un 71,46%, mentre a Cesena \u00e8 stata del 74%. Si tratta di un dato di cui dobbiamo essere orgogliosi e che denota una sensibile partecipazione civica ai momenti pi\u00f9 importanti della vita democratica del nostro Paese. Di questo Vi ringrazio e Vi faccio i miei complimenti. Per quanto riguarda i risultati, Vi allego i documenti riassuntivi dei risultati delle elezioni alla Camera ed al Senato, suddivisi anche per ogni Seggio elettorale del nostro Comune.<\/p>\n\n\n\n<p>In ogni caso, per una pi\u00f9 celere ed immediata comprensione, Vi allego uno schema con SENATO CAMERA<br>Alternativa per l\u2019Italia \u2013 no green pass 0,43%<br>Partito Animalista 0,56% 0,38%<br>Partito Democratico 25,74% 26,06%<\/p>\n\n\n\n<ul><li>Europa 1,86% 30,63% 1,74% 30,83%<br>Alleanza Verdi e Sinistra 2,43% 2,60%<br>Impegno Civico di Luigi Di Maio 0,18% 0,34%<br>Destre Unite 0,09%<br>Fratelli d\u2019Italia con Gorgia Meloni 32,96% 35,06%<br>Lega per Salvini Premier 7,38% 46,96% 6,96% 47,83%<br>Noi Moderati \u2013 UDC 0,49% 0,47%<br>Forza Italia 5,45% 5,72%<br>Unione Popolare con De Magistris 1,71% 1,62%<br>Italia Sovrana e Popolare 1,93% 1,65%<br>Azione &#8211; Italia Viva 7,13% 6,67%<br>Movimento 5 Stelle 7,75% 7,34%<br>Vita 0,47% 0,47%<br>Italexit per l\u2019Italia 2,33%<br>Mastella Noi di Centro Europeisti 0,03% 0,12%<\/li><\/ul>\n\n\n\n<p>Alla luce dei candidati eletti, mi preme congratularmi in particolare con la consigliera comunale del nostro Comune avv. Alice Buonguerrieri, che \u00e8 stata eletta nel collegio plurinominale di Ravenna della Camera dei Deputati con Fratelli d\u2019Italia. Ad Alice faccio i complimenti da parte di tutta la nostra Comunit\u00e0 per l\u2019importante ruolo istituzionale che andr\u00e0 ad assumere e Le auguro un buon lavoro, nell\u2019auspicio di poter contare su un interlocutore diretto per le esigenze del nostro territorio.Colgo l\u2019occasione anche per ringraziare il personale dell\u2019Ufficio Elettorale ed gli autisti del nostro Comune, che hanno coordinato e gestito le operazioni elettorali, tutti i membri delle Commissioni elettorali ed i loro Presidenti<br>per il lavoro svolto, i rappresentati di lista, e la Polizia Locale e le Forze dell\u2019Ordine per il presidio effettuato<\/p>\n\n\n\n<p>Il Sindaco Marco Baccini<\/p>\n\n\n\n<p> pubblicati sul sito del Comune (https:\/\/www.comune.bagnodiromagna.fc.it\/).<\/p>\n","protected":false},"excerpt":{"rendered":"<p>I risultati delle elezioni del 25 Settembre 2022 In primo luogo, voglio congratularmi con tutti Voi per la grande affluenza alle urne, che \u00e8 stata una delle pi\u00f9 alte in assoluto. Avete votato in 3.380 aventi diritto, facendo registrare una partecipazione al voto pari al 74,38%.<\/p>\n","protected":false},"author":1,"featured_media":0,"comment_status":"open","ping_status":"open","sticky":false,"template":"","format":"standard","meta":{"_joinchat":[]},"categories":[1],"tags":[],"_links":{"self":[{"href":"https:\/\/www.radioribelle.it\/index.php\/wp-json\/wp\/v2\/posts\/5756"}],"collection":[{"href":"https:\/\/www.radioribelle.it\/index.php\/wp-json\/wp\/v2\/posts"}],"about":[{"href":"https:\/\/www.radioribelle.it\/index.php\/wp-json\/wp\/v2\/types\/post"}],"author":[{"embeddable":true,"href":"https:\/\/www.radioribelle.it\/index.php\/wp-json\/wp\/v2\/users\/1"}],"replies":[{"embeddable":true,"href":"https:\/\/www.radioribelle.it\/index.php\/wp-json\/wp\/v2\/comments?post=5756"}],"version-history":[{"count":1,"href":"https:\/\/www.radioribelle.it\/index.php\/wp-json\/wp\/v2\/posts\/5756\/revisions"}],"predecessor-version":[{"id":5758,"href":"https:\/\/www.radioribelle.it\/index.php\/wp-json\/wp\/v2\/posts\/5756\/revisions\/5758"}],"wp:attachment":[{"href":"https:\/\/www.radioribelle.it\/index.php\/wp-json\/wp\/v2\/media?parent=5756"}],"wp:term":[{"taxonomy":"category","embeddable":true,"href":"https:\/\/www.radioribelle.it\/index.php\/wp-json\/wp\/v2\/categories?post=5756"},{"taxonomy":"post_tag","embeddable":true,"href":"https:\/\/www.radioribelle.it\/index.php\/wp-json\/wp\/v2\/tags?post=5756"}],"curies":[{"name":"wp","href":"https:\/\/api.w.org\/{rel}","templated":true}]}}