{"id":6142,"date":"2022-10-05T09:34:00","date_gmt":"2022-10-05T07:34:00","guid":{"rendered":"https:\/\/www.radioribelle.it\/?p=6142"},"modified":"2022-10-05T19:24:07","modified_gmt":"2022-10-05T17:24:07","slug":"la-virtual-reality-al-centro-della-seconda-giornata","status":"publish","type":"post","link":"https:\/\/www.radioribelle.it\/index.php\/2022\/10\/05\/la-virtual-reality-al-centro-della-seconda-giornata\/","title":{"rendered":"La virtual reality al centro della seconda giornata\u00a0"},"content":{"rendered":"\n<div class=\"wp-block-image\"><figure class=\"alignright size-large is-resized\"><img loading=\"lazy\" src=\"https:\/\/www.radioribelle.it\/wp-content\/uploads\/2022\/10\/Fame-daria-1024x540.jpeg\" alt=\"\" class=\"wp-image-6143\" width=\"349\" height=\"183\" srcset=\"https:\/\/www.radioribelle.it\/wp-content\/uploads\/2022\/10\/Fame-daria-1024x540.jpeg 1024w, https:\/\/www.radioribelle.it\/wp-content\/uploads\/2022\/10\/Fame-daria-300x158.jpeg 300w, https:\/\/www.radioribelle.it\/wp-content\/uploads\/2022\/10\/Fame-daria-768x405.jpeg 768w, https:\/\/www.radioribelle.it\/wp-content\/uploads\/2022\/10\/Fame-daria-1536x809.jpeg 1536w, https:\/\/www.radioribelle.it\/wp-content\/uploads\/2022\/10\/Fame-daria-619x326.jpeg 619w, https:\/\/www.radioribelle.it\/wp-content\/uploads\/2022\/10\/Fame-daria.jpeg 2000w\" sizes=\"(max-width: 349px) 100vw, 349px\" \/><\/figure><\/div>\n\n\n\n<p>Seconda giornata\u00a0 di festival gioved\u00ec 6 ottobre al Teatro Cinema Masaccio (ingresso libero)di ValdarnoCinema Film Festival In programma: la proiezione di Cos\u00ec \u00e8 (o mi pare) di e con Elio Germano alla presenza del produttore Omar Rashid (ore 16); il docu-film di Luciano La Valle sul massacro di Cavriglia (ore 18) e il concorso con Lass\u00f9 di Bartolomeo Pampaloni (21.15)<\/p>\n\n\n\n<!--more-->\n\n\n\n<p><em>San Giovanni Valdarno (Arezzo) 5 ottobre \u2013 <\/em>\u00a0Sar\u00e0 lo spettacolo in virtual reality Cos\u00ec \u00e8 (o mi pare) di e con Elio Germano, introdotto dal produttore Omar Rashid al centro del programma della seconda giornata della 40esima edizione di ValdarnoCinema Film Festival, gioved\u00ec 6 ottobre (ore 16) al Teatro Cinema Masaccio di San Giovanni Valdarno (Arezzo). Il festival proseguir\u00e0 a ingresso libero fino al 9 ottobre con eventi, proiezioni e incontri.<\/p>\n\n\n\n<p>Sar\u00e0 proprio il produttore Omar Rashid a spiegare come un classico della nostra drammaturgia possa incrociare ancora il teatro, il cinema e la performance attoriale, trasformandosi grazie alle nuove tecnologie in un&#8217;esperienza immersiva unica, incentrata sullo sguardo a 360\u00b0 dello spettatore. <em>Cos\u00ec \u00e8 (o mi pare)<\/em> cala il testo pirandelliano nella societ\u00e0 moderna, dove \u201cspiare\u201d l\u2019altro risulta ancora pi\u00f9 semplice grazie all\u2019uso dei nuovi media. <strong>Tramite cuffie e visori il pubblico si trova a essere non pi\u00f9 a teatro, ma all\u2019interno del lussuoso appartamento dove si svolge la storia,<\/strong> pi\u00f9 precisamente all\u2019interno del corpo di uno dei personaggi, che vede e ascolta tutto: il Commendator Laudisi, anziano padre di Lamberto, su una sedia a rotelle, invenzione non presente nel copione originale. Si apre cos\u00ec la possibilit\u00e0 di un\u2019esperienza unica nel suo genere, utile alla finalit\u00e0 del racconto e alla riflessione sul tema pirandelliano di cosa sia reale e cosa sia vero.<\/p>\n\n\n\n<p>La seconda giornata di festival proseguir\u00e0 alle ore 18 con il cortometraggio <strong>Fame d&#8217;aria <\/strong>di Lorenzo Santoni incentrato sul difficile rapporto genitori-figli. Al centro della storia troviamo Nadia, madre sola e lavoratrice e Simone, suo figlio disabile e ribelle. A seguire, \u00e8 in programma <strong>I giorni dell\u2019apocalisse \u2013 Cavriglia, luglio 1944: anatomia di un massacro <\/strong>di<strong> <\/strong>Luciano La Valle, <strong>&nbsp;<\/strong>docufilm che ricostruisce dettagliatamente i preparativi del massacro compiuto dall&#8217;esercito tedesco nei confronti della resistenza in Provincia di Arezzo e a Cavriglia durante la seconda guerra mondiale, e infine le stragi che i nazifascisti consumarono sul territorio valdarnese tra il 4 e&nbsp; l\u201911 luglio 1944. Sar\u00e0 introdotto in sala dal regista e dal produttore e sceneggiatore Filippo Boni.&nbsp;<\/p>\n\n\n\n<p>Per i lungometraggi in gara, alle 21.15 \u00e8 in cartellone <strong>Lass\u00f9<\/strong>, del regista&nbsp; Bartolomeo Pampaloni,<strong> <\/strong>che sar\u00e0 presente in sala per incontrare il pubblico. Il regista toscano, nel suo documentario, racconta di un vecchio osservatorio abbandonato a Palermo che in vent\u2019anni di lavoro solitario da parte di Nino, \u00e8 diventato un portentoso tempio na\u00eff. La proiezione sar\u00e0 preceduta dal corto <strong>Briciole<\/strong> di Rebecca Marie Margot, storia di un poliziotto affannato dai problemi della vita che cambier\u00e0 prospettiva dopo una strana chiamata sul lavoro.<\/p>\n\n\n\n<p><em>ll festival, il cui comitato organizzatore \u00e8 presieduto da Luigi Nepi, docente di critica cinematografica all\u2019Universit\u00e0 di Firenze, si svolge con la collaborazione del Comune di San Giovanni Valdarno e del Cineclub Fedic sangiovannese, con il patrocinio della Regione Toscana e il supporto di Fondazione Sistema Toscana. La nuova direzione artistica \u00e8 stata affidata a Marco Luceri, critico cinematografico e coordinatore del gruppo toscano del Sindacato Nazionale Critici Cinematografici Italiani.<\/em><\/p>\n","protected":false},"excerpt":{"rendered":"<p>Seconda giornata\u00a0 di festival gioved\u00ec 6 ottobre al Teatro Cinema Masaccio (ingresso libero)di ValdarnoCinema Film Festival In programma: la proiezione di Cos\u00ec \u00e8 (o mi pare) di e con Elio Germano alla presenza del produttore Omar Rashid (ore 16); il docu-film di Luciano La Valle sul massacro di Cavriglia (ore 18) e il concorso con [&hellip;]<\/p>\n","protected":false},"author":1,"featured_media":0,"comment_status":"open","ping_status":"open","sticky":false,"template":"","format":"standard","meta":{"_joinchat":[]},"categories":[1],"tags":[],"_links":{"self":[{"href":"https:\/\/www.radioribelle.it\/index.php\/wp-json\/wp\/v2\/posts\/6142"}],"collection":[{"href":"https:\/\/www.radioribelle.it\/index.php\/wp-json\/wp\/v2\/posts"}],"about":[{"href":"https:\/\/www.radioribelle.it\/index.php\/wp-json\/wp\/v2\/types\/post"}],"author":[{"embeddable":true,"href":"https:\/\/www.radioribelle.it\/index.php\/wp-json\/wp\/v2\/users\/1"}],"replies":[{"embeddable":true,"href":"https:\/\/www.radioribelle.it\/index.php\/wp-json\/wp\/v2\/comments?post=6142"}],"version-history":[{"count":1,"href":"https:\/\/www.radioribelle.it\/index.php\/wp-json\/wp\/v2\/posts\/6142\/revisions"}],"predecessor-version":[{"id":6144,"href":"https:\/\/www.radioribelle.it\/index.php\/wp-json\/wp\/v2\/posts\/6142\/revisions\/6144"}],"wp:attachment":[{"href":"https:\/\/www.radioribelle.it\/index.php\/wp-json\/wp\/v2\/media?parent=6142"}],"wp:term":[{"taxonomy":"category","embeddable":true,"href":"https:\/\/www.radioribelle.it\/index.php\/wp-json\/wp\/v2\/categories?post=6142"},{"taxonomy":"post_tag","embeddable":true,"href":"https:\/\/www.radioribelle.it\/index.php\/wp-json\/wp\/v2\/tags?post=6142"}],"curies":[{"name":"wp","href":"https:\/\/api.w.org\/{rel}","templated":true}]}}