{"id":6441,"date":"2022-10-13T07:54:00","date_gmt":"2022-10-13T05:54:00","guid":{"rendered":"https:\/\/www.radioribelle.it\/?p=6441"},"modified":"2022-10-12T19:55:32","modified_gmt":"2022-10-12T17:55:32","slug":"consiglio-nazionale-stigliano-ugl-tlcporteremo-le-esigenze-del-territorio","status":"publish","type":"post","link":"https:\/\/www.radioribelle.it\/index.php\/2022\/10\/13\/consiglio-nazionale-stigliano-ugl-tlcporteremo-le-esigenze-del-territorio\/","title":{"rendered":"Consiglio Nazionale, Stigliano (Ugl Tlc):\u201dPorteremo le esigenze del territorio\u201d"},"content":{"rendered":"\n<div class=\"wp-block-image\"><figure class=\"alignright size-full\"><img loading=\"lazy\" width=\"204\" height=\"247\" src=\"https:\/\/www.radioribelle.it\/wp-content\/uploads\/2022\/10\/Francesco-Stigliano-Ugl-TLC.jpg\" alt=\"\" class=\"wp-image-6442\"\/><\/figure><\/div>\n\n\n\n<p>MATERA &#8211; \u201cAll\u2019impoverimento e al degrado che sta investendo la Regione Basilicata, bisogna rispondere invertendo le tendenze in atto ed affermare il diritto al lavoro, alla formazione, alla sicurezza, alla salute. Nel territorio lucano una famiglia su 3 vive in situazione di disagio economico e un giovane su 3 \u00e8 un cosiddetto NEET, cio\u00e8 non \u00e8 n\u00e9 lavoratore n\u00e9 studente. Sono alcuni degli aspetti che pi\u00f9 spiccano nell\u2019ampio di una ricerca UGL, \u00e8 il suono di campanello d\u2019allarme che va analizzato attentamente dove sicuramente si nasconde un lato sociale preoccupante\u201d.<\/p>\n\n\n\n<!--more-->\n\n\n\n<p>E\u2019 quanto sostiene il Consigliere Nazionale dell\u2019Ugl Telecomunicazioni, Francesco Stigliano il quale prender\u00e0 parte al parlamentino della federazione che si riunir\u00e0 da domani a Marina di Ascea (SA).\u201cAl Consiglio Nazionale far\u00f2 presente ai colleghi, in special modo al Segretario Nazionale Ugl TLC, Stefano Conti e ai tanti graditi onorevoli che ne prenderanno parte, parliamo di una Regione Basilicata avvolta tra spopolamento e povert\u00e0, non pi\u00f9 l\u2019isola felice del Mezzogiorno, frutto di uno scenario drammatico che si incrocia di pari passo con i dati sulla povert\u00e0 in un\u2019emergenza che riguarda 35mila famiglie lucane: nuclei lucani al lastrico, dove anche la grave pandemia, il dilagante dramma da Covid-19, la crisi geo\/politica in atto, il dilagare degli aumenti sulle bollette di forniture ha messo in ginocchio il territorio. Dal Consiglio Nazionale Ugl Tlc \u2013 conclude Stigliano \u2013 deve partire un secco monito a chi ci governa: la Basilicata ha bisogno di scelte urgenti per favorire una fase di crescita e di sviluppo, ed \u00e8 dovere di tutti favorirle. C\u2019\u00e8 il rischio che in Basilicata avvenga una desertificazione del territorio con perdita di tutta la platea dei lavoratori lucani. Noi siamo vigili, la politica non dorma e sia concreta a scongiurare che ci\u00f2 possa malauguratamente avvenire anche per il nostro territorio.<\/p>\n","protected":false},"excerpt":{"rendered":"<p>MATERA &#8211; \u201cAll\u2019impoverimento e al degrado che sta investendo la Regione Basilicata, bisogna rispondere invertendo le tendenze in atto ed affermare il diritto al lavoro, alla formazione, alla sicurezza, alla salute. Nel territorio lucano una famiglia su 3 vive in situazione di disagio economico e un giovane su 3 \u00e8 un cosiddetto NEET, cio\u00e8 non [&hellip;]<\/p>\n","protected":false},"author":1,"featured_media":0,"comment_status":"open","ping_status":"open","sticky":false,"template":"","format":"standard","meta":{"_joinchat":[]},"categories":[1],"tags":[],"_links":{"self":[{"href":"https:\/\/www.radioribelle.it\/index.php\/wp-json\/wp\/v2\/posts\/6441"}],"collection":[{"href":"https:\/\/www.radioribelle.it\/index.php\/wp-json\/wp\/v2\/posts"}],"about":[{"href":"https:\/\/www.radioribelle.it\/index.php\/wp-json\/wp\/v2\/types\/post"}],"author":[{"embeddable":true,"href":"https:\/\/www.radioribelle.it\/index.php\/wp-json\/wp\/v2\/users\/1"}],"replies":[{"embeddable":true,"href":"https:\/\/www.radioribelle.it\/index.php\/wp-json\/wp\/v2\/comments?post=6441"}],"version-history":[{"count":1,"href":"https:\/\/www.radioribelle.it\/index.php\/wp-json\/wp\/v2\/posts\/6441\/revisions"}],"predecessor-version":[{"id":6443,"href":"https:\/\/www.radioribelle.it\/index.php\/wp-json\/wp\/v2\/posts\/6441\/revisions\/6443"}],"wp:attachment":[{"href":"https:\/\/www.radioribelle.it\/index.php\/wp-json\/wp\/v2\/media?parent=6441"}],"wp:term":[{"taxonomy":"category","embeddable":true,"href":"https:\/\/www.radioribelle.it\/index.php\/wp-json\/wp\/v2\/categories?post=6441"},{"taxonomy":"post_tag","embeddable":true,"href":"https:\/\/www.radioribelle.it\/index.php\/wp-json\/wp\/v2\/tags?post=6441"}],"curies":[{"name":"wp","href":"https:\/\/api.w.org\/{rel}","templated":true}]}}