{"id":6804,"date":"2022-10-21T18:40:54","date_gmt":"2022-10-21T16:40:54","guid":{"rendered":"https:\/\/www.radioribelle.it\/?p=6804"},"modified":"2022-10-21T18:45:02","modified_gmt":"2022-10-21T16:45:02","slug":"nuovo-governomeloni-premier","status":"publish","type":"post","link":"https:\/\/www.radioribelle.it\/index.php\/2022\/10\/21\/nuovo-governomeloni-premier\/","title":{"rendered":"Nuovo Governo,Meloni premier"},"content":{"rendered":"\n<div class=\"wp-block-image\"><figure class=\"alignleft size-full is-resized\"><img loading=\"lazy\" src=\"https:\/\/www.radioribelle.it\/wp-content\/uploads\/2022\/10\/meloni.jpg\" alt=\"\" class=\"wp-image-6805\" width=\"320\" height=\"143\" srcset=\"https:\/\/www.radioribelle.it\/wp-content\/uploads\/2022\/10\/meloni.jpg 425w, https:\/\/www.radioribelle.it\/wp-content\/uploads\/2022\/10\/meloni-300x134.jpg 300w\" sizes=\"(max-width: 320px) 100vw, 320px\" \/><\/figure><\/div>\n\n\n\n<p>la lista dei ministri. Domani il giuramento Oggi, venerd\u00ec 21 ottobre, \u00e8 il giorno del Centrodestra al Quirinale per le consultazioni in vista della formazione del&nbsp;nuovo Governo&nbsp;dopo le elezioni del&nbsp;25 settembre.&nbsp;Dopo l\u2019elezione dei presidenti di Camera e Senato e i rispettivi vice, il presidente della Repubblica Sergio Mattarella apre le porte del Quirinale alle nuove cariche e ai gruppi parlamentari che si daranno il cambio per discutere col Capo dello Stato sulla formazione del Governo.<\/p>\n\n\n\n<!--more-->\n\n\n\n<ul><li><a href=\"https:\/\/notizie.virgilio.it\/nuovo-governo-meloni-ignazio-la-russa-presidente-del-senato-chi-e-il-fedelissimo-della-leader-di-fdi-1544835\"><strong>Chi \u00e8 Ignazio La Russa, nuovo presidente del Senato<\/strong><\/a><\/li><li><a href=\"https:\/\/notizie.virgilio.it\/lorenzo-fontana-e-il-nuovo-presidente-della-camera-quali-sono-le-idee-del-leghista-dall-aborto-a-putin-1544946\"><strong>Lorenzo Fontana, chi \u00e8 il nuovo presidente della Camera e le sue idee politiche<\/strong><\/a><\/li><\/ul>\n\n\n\n<ol><li>18:10<strong>Governo Meloni, ecco la lista dei ministri<\/strong>Giorgia Meloni, dopo aver accettato l\u2019incarico di presidente del Consiglio dal presidente della Repubblica Sergio Mattarella, ha svelato la lista dei ministri che domani, alle ore 10, giureranno al Quirinale.<strong>Ministri senza portafoglio<\/strong><\/li><\/ol>\n\n\n\n<p>&#8220;Rivolgo con lo stesso spirito di collaborazione il buon lavoro al nuovo governo che domani mattina con il giuramento inizier\u00e0 a svolgere i suoi compiti&#8221;, ha detto il presidente della Repubblica, Sergio Mattarella, al Quirinale.<\/p>\n\n\n\n<p>Mario Draghi &#8220;ha fatto fronte all&#8217;esigenza di guida de Paese, concludendo la sua attivit\u00e0 col consiglio europeo, lo ringrazio ancora una volta&#8221;.<\/p>\n\n\n\n<p>&#8220;Vi ringrazio per l&#8217;attenzione con cui avete seguito i lavori per la formazione del nuovo governo &#8211; ha detto Mattarella -. Questa volta il tempo \u00e8 stato breve, non \u00e8 passato nemmeno un mese dalla data delle elezioni e questo \u00e8 stato possibile per la chiarezza dell&#8217;esito elettorale&#8221;.<\/p>\n\n\n\n<p>&#8220;E&#8217; stato necessario procedere velocemente anche in considerazione delle condizioni interne e internazionali che esigono un governo nella pienezza dei suoi compiti&#8221;, ha aggiunto il capo dello Stato.<\/p>\n\n\n\n<p>Il capo dello Stato ha conferito l&#8217;incarico a formare il governo a Giorgia Meloni che ha accettato l&#8217;incarico e ha presentato l&#8217;elenco dei ministri. Il&nbsp;<strong>giuramento del governo domani alle 10<\/strong>.<\/p>\n\n\n\n<p><strong><a href=\"https:\/\/www.ansa.it\/sito\/notizie\/speciali\/editoriali\/2022\/10\/21\/governo-la-lista-di-meloni-24-ministeri-alcuni-cambiano-nome-_e0844cdc-a67f-4755-a9de-9868e1dac35e.html\" target=\"_blank\" rel=\"noreferrer noopener\">Ecco la lista dei ministri<\/a>:<\/strong><\/p>\n\n\n\n<p><strong>Ministeri con portafoglio:<\/strong><\/p>\n\n\n\n<p>AFFARI ESTERI: Antonio Tajani che sar\u00e0 anche vicepremier<\/p>\n\n\n\n<p>INTERNO: Matteo Piantedosi<\/p>\n\n\n\n<p>GIUSTIZIA: Carlo Nordio<\/p>\n\n\n\n<p>DIFESA: Guido Crosetto<\/p>\n\n\n\n<p>CONOMIA: Giancarlo Giorgetti<\/p>\n\n\n\n<p>IMPRESE E MADE IN ITALY: Adolfo Urso<\/p>\n\n\n\n<p>AGRICOLTURA E SOVRANITA&#8217; ALIMENTARE Francesco Lollobrigida<\/p>\n\n\n\n<p>AMBIENTE E SICUREZZA ENERGETICA: Paolo Zangrillo<\/p>\n\n\n\n<p>INFRASTRUTTURE E MOBILITA&#8217; SOSTENIBILI: Matteo Salvini che sar\u00e0 anche vicepremier<\/p>\n\n\n\n<p>LAVORO E POLITICHE SOCIALI: Marina Calderone<\/p>\n\n\n\n<p>ISTRUZIONE E MERITO: Giuseppe Valditara<\/p>\n\n\n\n<p>UNIVERSITA&#8217; E RICERCA: Anna Maria Bernini<\/p>\n\n\n\n<p>CULTURA: Gennaro Sangiugliano<\/p>\n\n\n\n<p>SALUTE: Orazio Schillaci<\/p>\n\n\n\n<p>TURISMO: Daniela Santanch\u00e9 \u00a0<\/p>\n","protected":false},"excerpt":{"rendered":"<p>la lista dei ministri. Domani il giuramento Oggi, venerd\u00ec 21 ottobre, \u00e8 il giorno del Centrodestra al Quirinale per le consultazioni in vista della formazione del&nbsp;nuovo Governo&nbsp;dopo le elezioni del&nbsp;25 settembre.&nbsp;Dopo l\u2019elezione dei presidenti di Camera e Senato e i rispettivi vice, il presidente della Repubblica Sergio Mattarella apre le porte del Quirinale alle nuove [&hellip;]<\/p>\n","protected":false},"author":1,"featured_media":0,"comment_status":"open","ping_status":"open","sticky":false,"template":"","format":"standard","meta":{"_joinchat":[]},"categories":[1],"tags":[],"_links":{"self":[{"href":"https:\/\/www.radioribelle.it\/index.php\/wp-json\/wp\/v2\/posts\/6804"}],"collection":[{"href":"https:\/\/www.radioribelle.it\/index.php\/wp-json\/wp\/v2\/posts"}],"about":[{"href":"https:\/\/www.radioribelle.it\/index.php\/wp-json\/wp\/v2\/types\/post"}],"author":[{"embeddable":true,"href":"https:\/\/www.radioribelle.it\/index.php\/wp-json\/wp\/v2\/users\/1"}],"replies":[{"embeddable":true,"href":"https:\/\/www.radioribelle.it\/index.php\/wp-json\/wp\/v2\/comments?post=6804"}],"version-history":[{"count":4,"href":"https:\/\/www.radioribelle.it\/index.php\/wp-json\/wp\/v2\/posts\/6804\/revisions"}],"predecessor-version":[{"id":6809,"href":"https:\/\/www.radioribelle.it\/index.php\/wp-json\/wp\/v2\/posts\/6804\/revisions\/6809"}],"wp:attachment":[{"href":"https:\/\/www.radioribelle.it\/index.php\/wp-json\/wp\/v2\/media?parent=6804"}],"wp:term":[{"taxonomy":"category","embeddable":true,"href":"https:\/\/www.radioribelle.it\/index.php\/wp-json\/wp\/v2\/categories?post=6804"},{"taxonomy":"post_tag","embeddable":true,"href":"https:\/\/www.radioribelle.it\/index.php\/wp-json\/wp\/v2\/tags?post=6804"}],"curies":[{"name":"wp","href":"https:\/\/api.w.org\/{rel}","templated":true}]}}