{"id":7176,"date":"2022-11-01T11:17:00","date_gmt":"2022-11-01T10:17:00","guid":{"rendered":"https:\/\/www.radioribelle.it\/?p=7176"},"modified":"2022-10-31T17:36:29","modified_gmt":"2022-10-31T16:36:29","slug":"il-comune-celebra-la-giornata-dellunita-nazionale-e-delle-forse-armate","status":"publish","type":"post","link":"https:\/\/www.radioribelle.it\/index.php\/2022\/11\/01\/il-comune-celebra-la-giornata-dellunita-nazionale-e-delle-forse-armate\/","title":{"rendered":"Il comune celebra la\u00a0Giornata dell\u2019unit\u00e0 Nazionale e delle Forse Armate \u00a0\u00a0"},"content":{"rendered":"\n<div class=\"wp-block-image\"><figure class=\"alignleft size-large is-resized\"><img loading=\"lazy\" src=\"https:\/\/www.radioribelle.it\/wp-content\/uploads\/2022\/10\/monumento-ai-caduti-1024x768.jpeg\" alt=\"\" class=\"wp-image-7177\" width=\"188\" height=\"141\" srcset=\"https:\/\/www.radioribelle.it\/wp-content\/uploads\/2022\/10\/monumento-ai-caduti-1024x768.jpeg 1024w, https:\/\/www.radioribelle.it\/wp-content\/uploads\/2022\/10\/monumento-ai-caduti-300x225.jpeg 300w, https:\/\/www.radioribelle.it\/wp-content\/uploads\/2022\/10\/monumento-ai-caduti-768x576.jpeg 768w, https:\/\/www.radioribelle.it\/wp-content\/uploads\/2022\/10\/monumento-ai-caduti-1536x1152.jpeg 1536w, https:\/\/www.radioribelle.it\/wp-content\/uploads\/2022\/10\/monumento-ai-caduti-619x464.jpeg 619w, https:\/\/www.radioribelle.it\/wp-content\/uploads\/2022\/10\/monumento-ai-caduti.jpeg 1600w\" sizes=\"(max-width: 188px) 100vw, 188px\" \/><\/figure><\/div>\n\n\n\n<p>SANSEPOLCRO &#8211; Domenica 6 novembre l\u2019Amministrazione Comunale in collaborazione con l\u2019Ass. Nazione Combattenti e Reduci, assieme ai rappresentanti delle Forze armate locali, le associazioni d\u2019arma e i rappresentanti istituzionali locali, prenderanno parte alla Santa Messa che, come da tradizione si svolger\u00e0 nella Chiesa di S. Antonio, celebrata in suffragio dei Caduti di tutte le guerre. Il Corteo poi si sposter\u00e0 al Monumento dei caduti dove verr\u00e0 depositata una corona d\u2019alloro.<\/p>\n\n\n\n<p>Come da tradizione colonna sonora delle celebrazioni sar\u00e0 la Societ\u00e0 Filarmonica dei Perseveranti.<\/p>\n","protected":false},"excerpt":{"rendered":"<p>SANSEPOLCRO &#8211; Domenica 6 novembre l\u2019Amministrazione Comunale in collaborazione con l\u2019Ass. Nazione Combattenti e Reduci, assieme ai rappresentanti delle Forze armate locali, le associazioni d\u2019arma e i rappresentanti istituzionali locali, prenderanno parte alla Santa Messa che, come da tradizione si svolger\u00e0 nella Chiesa di S. Antonio, celebrata in suffragio dei Caduti di tutte le guerre. [&hellip;]<\/p>\n","protected":false},"author":1,"featured_media":0,"comment_status":"open","ping_status":"open","sticky":false,"template":"","format":"standard","meta":{"_joinchat":[]},"categories":[1],"tags":[],"_links":{"self":[{"href":"https:\/\/www.radioribelle.it\/index.php\/wp-json\/wp\/v2\/posts\/7176"}],"collection":[{"href":"https:\/\/www.radioribelle.it\/index.php\/wp-json\/wp\/v2\/posts"}],"about":[{"href":"https:\/\/www.radioribelle.it\/index.php\/wp-json\/wp\/v2\/types\/post"}],"author":[{"embeddable":true,"href":"https:\/\/www.radioribelle.it\/index.php\/wp-json\/wp\/v2\/users\/1"}],"replies":[{"embeddable":true,"href":"https:\/\/www.radioribelle.it\/index.php\/wp-json\/wp\/v2\/comments?post=7176"}],"version-history":[{"count":1,"href":"https:\/\/www.radioribelle.it\/index.php\/wp-json\/wp\/v2\/posts\/7176\/revisions"}],"predecessor-version":[{"id":7178,"href":"https:\/\/www.radioribelle.it\/index.php\/wp-json\/wp\/v2\/posts\/7176\/revisions\/7178"}],"wp:attachment":[{"href":"https:\/\/www.radioribelle.it\/index.php\/wp-json\/wp\/v2\/media?parent=7176"}],"wp:term":[{"taxonomy":"category","embeddable":true,"href":"https:\/\/www.radioribelle.it\/index.php\/wp-json\/wp\/v2\/categories?post=7176"},{"taxonomy":"post_tag","embeddable":true,"href":"https:\/\/www.radioribelle.it\/index.php\/wp-json\/wp\/v2\/tags?post=7176"}],"curies":[{"name":"wp","href":"https:\/\/api.w.org\/{rel}","templated":true}]}}