{"id":7229,"date":"2022-11-03T09:32:00","date_gmt":"2022-11-03T08:32:00","guid":{"rendered":"https:\/\/www.radioribelle.it\/?p=7229"},"modified":"2022-11-02T18:15:56","modified_gmt":"2022-11-02T17:15:56","slug":"aisa-impianti-spa-informa","status":"publish","type":"post","link":"https:\/\/www.radioribelle.it\/index.php\/2022\/11\/03\/aisa-impianti-spa-informa\/","title":{"rendered":"Aisa impianti spa informa"},"content":{"rendered":"\n<div class=\"wp-block-image\"><figure class=\"alignleft size-full\"><img loading=\"lazy\" width=\"384\" height=\"216\" src=\"https:\/\/www.radioribelle.it\/wp-content\/uploads\/2022\/11\/inceneritore_rifiuti_san_zeno12-2.jpg\" alt=\"\" class=\"wp-image-7230\" srcset=\"https:\/\/www.radioribelle.it\/wp-content\/uploads\/2022\/11\/inceneritore_rifiuti_san_zeno12-2.jpg 384w, https:\/\/www.radioribelle.it\/wp-content\/uploads\/2022\/11\/inceneritore_rifiuti_san_zeno12-2-300x169.jpg 300w\" sizes=\"(max-width: 384px) 100vw, 384px\" \/><\/figure><\/div>\n\n\n\n<p>2 Novembre 2022 &#8211; Si apprende dagli organi di informazione che in questi giorni sono state segnalate maleodoranze in un\u2019area molto vasta fra il comune di Arezzo e quello di Civitella, secondo alcuni provenienti \u201cdall\u2019inceneritore di San Zeno\u201d.<\/p>\n\n\n\n<!--more-->\n\n\n\n<p> Premesso che \u201cl\u2019inceneritore di San Zeno\u201d non esiste pi\u00f9 dal 2017, anno in cui ha ottenuto la qualifica di linea di recupero di energia grazie ad un rendimento energetico elevato (produzione di elettrica per oltre 20.000 abitanti equivalenti), quest\u2019ultimo non ha subito modifiche negli ultimi anni, n\u00e9 vi sono state anomalie negli ultimi tempi, pertanto non si comprende come possa ora generare odori se non lo ha mai fatto in passato. Si legge inoltre che la causa sarebbe da ricercarsi soprattutto nei flussi di rifiuti provenienti da Grosseto. Tali rifiuti per\u00f2 non sono destinati alla linea di recupero energetico poich\u00e9 si tratta dell\u2019organico della raccolta differenziata \u201cporta a porta\u201d. Effettivamente quando vi sono temperature piuttosto alte questa tipologia di raccolta pu\u00f2 generare maleodoranze perch\u00e9, a differenza del sistema di raccolta differenziata a cassonetto (che hanno invece adottato per lo pi\u00f9 i comuni dell\u2019aretino), si devono aggiungere i tempi di stazionamento del sacchetto dell\u2019umido in casa e di trasporto ad una stazione di raccolta da dove poi ripartono per l\u2019impianto di compostaggio di San Zeno. La raccolta dell\u2019umido porta a porta, inoltre, \u00e8 priva degli sfalci e delle potature che hanno un effetto \u201ctampone\u201d: assorbono gran parte dei liquidi prodotti dallo scarto alimentare, anch\u2019essi causa di odori. Sono gli effetti \u201ccollaterali\u201d della scelta di un sistema di raccolta anzich\u00e9 di un altro.<\/p>\n\n\n\n<p>Premesso che AISA IMPIANTI non pu\u00f2 entrare nel merito della tipologia di raccolta differenziata adottata da ciascun comune e deve prendere i rifiuti che un ente sovracomunale (e non il Comune di Arezzo) stabilisce, l\u2019Azienda ha gi\u00e0 messo in atto tutti gli accorgimenti necessari per ridurre le maleodoranze provenienti da tali rifiuti: \u00e8 stata realizzata una nuova linea di compostaggio tecnologicamente all\u2019avanguardia, i rifiuti organici vengono lavorati solo in locali chiusi ed in depressione, sono stati realizzati nuovi impianti di biofiltrazione che servono per la deodorizzazione delle arie provenienti dal compostaggio, ma non basta: il prossimo anno i biofiltri verranno ulteriormente potenziati (ben oltre quello che le autorizzazioni richiedono e secondo le migliori tecnologie di mercato), nonch\u00e9 verr\u00e0 attivata la linea di digestione anaerobica che, oltre a produrre biometano (per trazione e riscaldamento) ed anidride carbonica (per usi medici, tecnici o altro) consentir\u00e0 un ulteriore abbattimento della carica odorigena presente nella frazione organica da raccolta differenziata. Per quanto riguarda il termovalorizzatore, che non crea odori bens\u00ec genera elettricit\u00e0 per tutti gli altri reparti dell\u2019impianto di recupero totale di San Zeno (compostaggio, selezione, digestione anaerobica, ecc.) facendo risparmiare alla collettivit\u00e0 oltre 3 milioni di euro l\u2019anno di costi energetici (con gli attuali costi 4,5 milioni), contribuir\u00e0 ad un ulteriore miglioramento: la nuova linea in fase di costruzione, molto pi\u00f9 performante di quella attuale, annuller\u00e0 i tempi di attesa di tutta la filiera del conferimento e lavorazione degli scarti, compresi quelli derivanti dall\u2019umido \u201cporta a porta\u201d, anch\u2019essi maleodoranti. Quindi un ulteriore miglioramento delle condizioni ambientali che per l\u2019azienda devono coniugare le performance ambientali, economiche e sociali di quella che a breve sar\u00e0 la centrale di produzione energetica di San Zeno. Una centrale che dar\u00e0 ampio spazio alle rinnovabili intese come fotovoltaico e idrogeno verde, oltre ai benefici sottoforma di energia elettrica, metano, calore. Base fondamentale per una futura comunit\u00e0 energetica di alta capacit\u00e0 produttiva al servizio di tutti noi cittadini. Quanto sopra fa parte della difficile strada intrapresa ormai da anni dalla Societ\u00e0 che, nonostante le difficolt\u00e0 del periodo, porter\u00e0 ad un impianto alimentato al 100% da fonti rinnovabili, sempre visitabile e nel contempo patrimonio di tutti i cittadini.<\/p>\n\n\n\n<p>Il Presidente (Giacomo Cherici)<\/p>\n","protected":false},"excerpt":{"rendered":"<p>2 Novembre 2022 &#8211; Si apprende dagli organi di informazione che in questi giorni sono state segnalate maleodoranze in un\u2019area molto vasta fra il comune di Arezzo e quello di Civitella, secondo alcuni provenienti \u201cdall\u2019inceneritore di San Zeno\u201d.<\/p>\n","protected":false},"author":1,"featured_media":0,"comment_status":"open","ping_status":"open","sticky":false,"template":"","format":"standard","meta":{"_joinchat":[]},"categories":[1],"tags":[],"_links":{"self":[{"href":"https:\/\/www.radioribelle.it\/index.php\/wp-json\/wp\/v2\/posts\/7229"}],"collection":[{"href":"https:\/\/www.radioribelle.it\/index.php\/wp-json\/wp\/v2\/posts"}],"about":[{"href":"https:\/\/www.radioribelle.it\/index.php\/wp-json\/wp\/v2\/types\/post"}],"author":[{"embeddable":true,"href":"https:\/\/www.radioribelle.it\/index.php\/wp-json\/wp\/v2\/users\/1"}],"replies":[{"embeddable":true,"href":"https:\/\/www.radioribelle.it\/index.php\/wp-json\/wp\/v2\/comments?post=7229"}],"version-history":[{"count":1,"href":"https:\/\/www.radioribelle.it\/index.php\/wp-json\/wp\/v2\/posts\/7229\/revisions"}],"predecessor-version":[{"id":7231,"href":"https:\/\/www.radioribelle.it\/index.php\/wp-json\/wp\/v2\/posts\/7229\/revisions\/7231"}],"wp:attachment":[{"href":"https:\/\/www.radioribelle.it\/index.php\/wp-json\/wp\/v2\/media?parent=7229"}],"wp:term":[{"taxonomy":"category","embeddable":true,"href":"https:\/\/www.radioribelle.it\/index.php\/wp-json\/wp\/v2\/categories?post=7229"},{"taxonomy":"post_tag","embeddable":true,"href":"https:\/\/www.radioribelle.it\/index.php\/wp-json\/wp\/v2\/tags?post=7229"}],"curies":[{"name":"wp","href":"https:\/\/api.w.org\/{rel}","templated":true}]}}