{"id":7240,"date":"2022-11-03T06:26:00","date_gmt":"2022-11-03T05:26:00","guid":{"rendered":"https:\/\/www.radioribelle.it\/?p=7240"},"modified":"2022-11-02T18:31:52","modified_gmt":"2022-11-02T17:31:52","slug":"missione-possibile-di-herve-barmasse-e-tudor-laurini-klaus","status":"publish","type":"post","link":"https:\/\/www.radioribelle.it\/index.php\/2022\/11\/03\/missione-possibile-di-herve-barmasse-e-tudor-laurini-klaus\/","title":{"rendered":"\u00a0MISSIONE POSSIBILE DI HERV\u00c9 BARMASSE E TUDOR LAURINI (KLAUS)"},"content":{"rendered":"\n<div class=\"wp-block-image\"><figure class=\"alignleft size-full is-resized\"><img loading=\"lazy\" src=\"https:\/\/www.radioribelle.it\/wp-content\/uploads\/2022\/11\/Monviso_1_Credits-@Marco-Spataro_641x960.jpeg\" alt=\"\" class=\"wp-image-7241\" width=\"189\" height=\"283\" srcset=\"https:\/\/www.radioribelle.it\/wp-content\/uploads\/2022\/11\/Monviso_1_Credits-@Marco-Spataro_641x960.jpeg 641w, https:\/\/www.radioribelle.it\/wp-content\/uploads\/2022\/11\/Monviso_1_Credits-@Marco-Spataro_641x960-200x300.jpeg 200w, https:\/\/www.radioribelle.it\/wp-content\/uploads\/2022\/11\/Monviso_1_Credits-@Marco-Spataro_641x960-619x927.jpeg 619w\" sizes=\"(max-width: 189px) 100vw, 189px\" \/><\/figure><\/div>\n\n\n\n<p><em>Milano,CON IL CAI:AVVICINARE I GIOVANI ALLA MONTAGNA<\/em> <em> <em> mIl documentario &#8220;WeClub. La Traccia. Alpinismo: ama, rispetta, comunica&#8221; in scena a Roma il 7 novembre alle 18:00 e a Milano il 10 novembre alle 21:15<\/em><\/em> Come ringiovanire l&#8217;immagine della montagna? L&#8217;alpinista e divulgatore\u00a0Herv\u00e9 Barmasse\u00a0\u00e8 riuscito a farlo coniugando la sua missione di narrare la bellezza delle terre alte e il rispetto a loro dovuto con l&#8217;obiettivo del giovane content creator\u00a0Tudor Laurini\u00a0(<em>Klaus<\/em>) di fare informazione e promuovere la cultura vivendo esperienze emozionanti.<\/p>\n\n\n\n<!--more-->\n\n\n\n<p>Nasce cos\u00ec, grazie alla collaborazione con il\u00a0Club alpino italiano\u00a0e il contributo del\u00a0Ministero della Cultura,\u00a0il documentario\u00a0&#8220;WeClub. La Traccia. Alpinismo: ama, rispetta, comunica&#8221;.Nel docufilm Barmasse e il giovane youtuber romano vivono un&#8217;avventura di scoperta di quello che la montagna sa insegnare accompagnando l&#8217;osservatore in\u00a0diverse tappe affascinanti del territorio italiano. Mettendosi in gioco fino in fondo e con grande entusiasmo, Herv\u00e9 e il giovane allievo Klaus si spostano dalle cime delle Alpi, alle grotte e scogliere sarde, passando per la vetta dell&#8217;Etna, che ha donato ai due esploratori un momento di emozione assoluta. Un\u00a0racconto, un viaggio di\u00a0formazione\u00a0e di\u00a0scoperta, capace di testimoniare lo splendore e la maestosit\u00e0 delle nostre montagne e di divulgare i valori che le terre alte e il Club alpino italiano trasmettono quotidianamente agli appassionati e di emozionare e divertire il pubblico. Spingendolo anche a riflettere sui\u00a0cambiamenti climatici\u00a0in corso e sulla necessit\u00e0 di\u00a0rispettare e difendere l&#8217;ambiente\u00a0che ci circonda.<\/p>\n\n\n\n<p>Barmasse\u00a0ha saputo intuire la possibilit\u00e0 offerta dalla collaborazione con Laurini per valorizzare l&#8217;Alpinismo, oggi Patrimonio culturale immateriale dell&#8217;umanit\u00e0 dell&#8217;Unesco, proseguendo la sua opera di divulgatore. \u00abHo accolto con entusiasmo la richiesta del Cai di sviluppare un&#8217;idea per avvicinare la montagna ai giovani\u00bb, afferma l&#8217;alpinista. \u00abDall&#8217;incontro con Klaus (nome di Tudor in rete) \u00e8 nato un progetto che parla con il linguaggio dei giovani delle &#8220;terre alte&#8221; che entrambi amiamo\u00bb.<\/p>\n\n\n\n<p>\u00abParlare ai giovani dell&#8217;ambiente naturale &#8220;montagna&#8221; e delle modalit\u00e0 per frequentarlo con passione, attenzione e rispetto, attraverso format, canali e linguaggi innovativi, \u00e8 una delle priorit\u00e0 future del Club alpino italiano\u00bb, afferma il Presidente generale del Cai\u00a0Antonio Montani. \u00ab&#8221;We Club&#8221; \u00e8 un primo passo in questa direzione. Unendo, alle riflessioni su tematiche di rilievo e attuali, le emozioni date dalle avventure alpinistiche, Barmasse e Klaus risvegliano nello spettatore la voglia di vivere il territorio tenendo sempre a mente le buone pratiche per la sua frequentazione in sicurezza\u00bb.<\/p>\n\n\n\n<p>L&#8217;unione delle due visioni \u00e8 inedita. Barmasse narra infatti la montagna conoscendone ogni aspetto: una bellezza che dev&#8217;essere affrontata con rispetto, attenzione e impegno, ma anche con la capacit\u00e0 di stupirsi ogni giorno. Laurini, condividendo l&#8217;entusiasmo di Barmasse, contribuisce al progetto con uno sguardo nuovo e giovane.<br>Ed \u00e8 proprio questo il messaggio che Barmasse dedica ai giovani, destinatari del progetto: \u00ab<em>Il mondo di oggi \u00e8 fatto di tanta tecnologia, ma la natura e la montagna sanno ancora affascinare, fare sentire il cuore aumentare i battiti. Come quando l&#8217;Etna, inaspettatamente, ha eruttato: un vero spettacolo della natura e di assoluto stupore<\/em>&#8220;\u00bb. Due sono gli appuntamenti\u00a0nel corso dei quali, alla presenza di Barmasse, Laurini e del Presidente generale del Cai Antonio Montani, verr\u00e0 proiettato il docufilm &#8220;WeClub. La Traccia. Alpinismo: ama, rispetta, comunica&#8221;:<br>&#8211; il prossimo\u00a07 novembre a Roma, presso il Cinema Troisi (via Girolamo Induno, 1) alle ore 19:30. Costo ingresso 10\u0080. Il biglietto (<a rel=\"noreferrer noopener\" href=\"http:\/\/cia.mailnewsletter.it\/\/newsletter\/\/tk\/get.html?&amp;ui=71745&amp;cid=430&amp;cid=430&amp;ag=am&amp;newsid=4289&amp;exid=3717&amp;ui=71745&amp;cid=430&amp;cid=430&amp;linkid=110845\" target=\"_blank\">acquistabile qui<\/a>) include anche la visione del documentario &#8220;Cervino. La Cresta del Leone&#8221;.<br>&#8211; il\u00a010 novembre a Milano, presso il Cinema Anteo CitylLife (piazza Tre Torri Milano), Sala Maestoso, alle ore 21:15. Costo ingresso 10\u00a0(biglietto\u00a0<a rel=\"noreferrer noopener\" href=\"http:\/\/cia.mailnewsletter.it\/\/newsletter\/\/tk\/get.html?&amp;ui=71745&amp;cid=430&amp;cid=430&amp;ag=am&amp;newsid=4289&amp;exid=3717&amp;ui=71745&amp;cid=430&amp;cid=430&amp;linkid=110846\" target=\"_blank\">acquistabile qui<\/a>).<\/p>\n","protected":false},"excerpt":{"rendered":"<p>Milano,CON IL CAI:AVVICINARE I GIOVANI ALLA MONTAGNA mIl documentario &#8220;WeClub. La Traccia. Alpinismo: ama, rispetta, comunica&#8221; in scena a Roma il 7 novembre alle 18:00 e a Milano il 10 novembre alle 21:15 Come ringiovanire l&#8217;immagine della montagna? L&#8217;alpinista e divulgatore\u00a0Herv\u00e9 Barmasse\u00a0\u00e8 riuscito a farlo coniugando la sua missione di narrare la bellezza delle terre [&hellip;]<\/p>\n","protected":false},"author":1,"featured_media":0,"comment_status":"open","ping_status":"open","sticky":false,"template":"","format":"standard","meta":{"_joinchat":[]},"categories":[1],"tags":[],"_links":{"self":[{"href":"https:\/\/www.radioribelle.it\/index.php\/wp-json\/wp\/v2\/posts\/7240"}],"collection":[{"href":"https:\/\/www.radioribelle.it\/index.php\/wp-json\/wp\/v2\/posts"}],"about":[{"href":"https:\/\/www.radioribelle.it\/index.php\/wp-json\/wp\/v2\/types\/post"}],"author":[{"embeddable":true,"href":"https:\/\/www.radioribelle.it\/index.php\/wp-json\/wp\/v2\/users\/1"}],"replies":[{"embeddable":true,"href":"https:\/\/www.radioribelle.it\/index.php\/wp-json\/wp\/v2\/comments?post=7240"}],"version-history":[{"count":1,"href":"https:\/\/www.radioribelle.it\/index.php\/wp-json\/wp\/v2\/posts\/7240\/revisions"}],"predecessor-version":[{"id":7242,"href":"https:\/\/www.radioribelle.it\/index.php\/wp-json\/wp\/v2\/posts\/7240\/revisions\/7242"}],"wp:attachment":[{"href":"https:\/\/www.radioribelle.it\/index.php\/wp-json\/wp\/v2\/media?parent=7240"}],"wp:term":[{"taxonomy":"category","embeddable":true,"href":"https:\/\/www.radioribelle.it\/index.php\/wp-json\/wp\/v2\/categories?post=7240"},{"taxonomy":"post_tag","embeddable":true,"href":"https:\/\/www.radioribelle.it\/index.php\/wp-json\/wp\/v2\/tags?post=7240"}],"curies":[{"name":"wp","href":"https:\/\/api.w.org\/{rel}","templated":true}]}}