{"id":7556,"date":"2022-11-16T18:46:00","date_gmt":"2022-11-16T17:46:00","guid":{"rendered":"https:\/\/www.radioribelle.it\/?p=7556"},"modified":"2022-11-16T18:56:37","modified_gmt":"2022-11-16T17:56:37","slug":"__trashed","status":"publish","type":"post","link":"https:\/\/www.radioribelle.it\/index.php\/2022\/11\/16\/__trashed\/","title":{"rendered":"Orientamento scolastico per l\u2019economia della Valdichiana: focus a Lucignano"},"content":{"rendered":"\n<div class=\"wp-block-image\"><figure class=\"alignleft size-full is-resized\"><img loading=\"lazy\" src=\"https:\/\/www.radioribelle.it\/wp-content\/uploads\/2022\/11\/Lucignano_orientamento_14.jpg\" alt=\"\" class=\"wp-image-7782\" width=\"271\" height=\"203\" srcset=\"https:\/\/www.radioribelle.it\/wp-content\/uploads\/2022\/11\/Lucignano_orientamento_14.jpg 1024w, https:\/\/www.radioribelle.it\/wp-content\/uploads\/2022\/11\/Lucignano_orientamento_14-300x225.jpg 300w, https:\/\/www.radioribelle.it\/wp-content\/uploads\/2022\/11\/Lucignano_orientamento_14-768x576.jpg 768w, https:\/\/www.radioribelle.it\/wp-content\/uploads\/2022\/11\/Lucignano_orientamento_14-619x464.jpg 619w\" sizes=\"(max-width: 271px) 100vw, 271px\" \/><\/figure><\/div>\n\n\n\n<p>LUCIGNANO &#8211; Orientamento scolastico per l\u2019economia della Valdichiana: focus a Lucignano <em>Quali prospettive per il lavoro dei giovani? Al Teatro Rosini scuola e territorio a confronto<\/em> Un pomeriggio di confronto serrato sul tema dell\u2019offerta lavorativa in Valdichiana e sui percorsi scolastici pi\u00f9 adeguati per i ragazzi, quello svoltosi ieri, marted\u00ec 15 novembre, al Teatro Rosini di Lucignano, su iniziativa dell\u2019amministrazione comunale in collaborazione con Confindustria Toscana Sud e la rete dei presidi degli istituti scolastici.<\/p>\n\n\n\n<!--more-->\n\n\n\n<p> Allo stesso tavolo, per la quarta edizione della giornata di \u201cOrientamento scolastico\u201d, i principali attori economici del territorio, quali Camera di Commercio, industriali, insieme a famiglie, presidi, orientatori scolastici, amministratori della Valdichiana e naturalmente tanti giovani studenti. Una platea interessata e partecipativa su un tema di grande attualit\u00e0 quale il rapporto tra scuola e tessuto produttivo, con l\u2019obiettivo di ridurre il\u00a0<em>mismatch<\/em>\u00a0tra domanda e offerta di lavoro. A tracciare il quadro dell\u2019attuale situazione economico-produttiva, il presidente della Camera di Commercio Arezzo-Siena,\u00a0Massimo Guasconi: \u201c<em>Un periodo di difficile lettura,<\/em>\u00a0<em>tra luci e ombre\u00a0<\/em>\u2013 ha detto \u2013\u00a0<em>con fatturati ed esportazioni delle aziende in tenuta, ma una minore richiesta di manodopera rispetto ad un anno fa, tenuto conto delle incertezze dovute in particolare agli eventi bellici e ai rincari di energia e materie prime. La conferma giunge dal rapporto Excelsior: per il trimestre attuale la previsione delle aziende \u00e8 di una riduzione significativa delle assunzioni. Resta fondamentale, per i nostri giovani, scegliere percorsi scolastici adeguati rispetto alle esigenze e alle richieste di specialisti da impiegare nei settori produttivi trainanti\u201d.\u00a0<\/em>Tra le professionalit\u00e0 pi\u00f9 ricercate e spesso di difficile reperimento, come ha spiegato\u00a0Giovanni Tiezzi, presidente Gruppo Imprenditori Valdichiana Confindustria Toscana Sud, \u201c<em>quella del perito meccanico, elettrotecnico, professionisti del settore agroalimentare e dell\u2019accoglienza turistica, mentre rimane importante la figura del perito informatico. In Valdichiana molte aziende metalmeccaniche, del settore edile, dei servizi, della ricettivit\u00e0, hanno un forte fabbisogno di personale. Il mio suggerimento, in questa fase, \u00e8 quello di attivare un percorso di studio ITS, sul quale la Regione Toscana sta investendo molto, una grande opportunit\u00e0 da valorizzare ulteriormente attraverso la sensibilizzazione dei giovani e delle loro famiglie<\/em>\u201d. Un forte richiamo a \u201c<em>superare lo stereotipo di genere rispetto alle discipline tecnologiche, spesso appannaggio solo dei maschi<\/em>\u201d, con riferimento particolare all\u2019esempio di un laboratorio in un istituto scolastico finlandese, \u00e8 arrivato da\u00a0Cristiano Rossi, dirigente I.C. Lucignano, capofila della Rete delle scuole della Valdichiana. \u201c<em>Dobbiamo permettere a tutti gli studenti di scegliere il percorso pi\u00f9 attinente ai propri interessi e alla propria prospettiva di vita lavorativa<\/em>\u201d, ha detto Rossi, che ha concluso con un quadro sulle tendenze delle iscrizioni negli istituti scolastici del territorio: \u201c<em>In calo i licei, si registra un incremento ai tecnologici e professionali, che consentono specializzazioni importanti e anche di proseguire gli studi con la carriera universitaria. Il dato \u00e8 accentuato in Valdichiana e nell\u2019aretino: la media nazionale di iscritti a istituti professionali e del 12%, qui da noi arriva al 18%\u201d.\u00a0<\/em>Una scelta, quella del percorso scolastico, che passa senz\u2019altro dagli interessi e dalle passioni dei ragazzi, ma che necessariamente deve transitare dal dialogo costante tra insegnanti, famiglie, mondo produttivo e istituzioni. Tanto resta da fare in questa direzione, ma l\u2019incontro di Lucignano \u00e8 la dimostrazione di una crescente attenzione rispetto a un tema che riguarda il futuro nostro e delle nuove generazioni: \u201c<em>Famiglie e ragazzi\u00a0<\/em>\u2013 ha detto il sindaco di Lucignano,\u00a0Roberta Casini\u00a0\u2013\u00a0<em>possono avere un quadro pi\u00f9 chiaro<\/em>\u00a0<em>rispetto all\u2019offerta lavorativa e formativa, per una scelta consapevole e mirata. Credo che sia importante partire da un quadro preciso delle esigenze delle aziende del nostro territorio, si tratta di un percorso molto importante per guardare al proprio futuro con maggior sicurezza<\/em>\u201d. L\u2019incontro si \u00e8 concluso con tavoli di lavoro di approfondimento ai quali hanno preso parte imprese, famiglie, presidi, insegnanti, orientatori scolastici e sindaci della Valdichiana, con aperitivo finale organizzato dagli studenti delle scuole I.I.S. Pellegrino Artusi e I.S.I.S. Angelo Vegni.<\/p>\n\n\n\n<p><\/p>\n\n\n\n<p><\/p>\n\n\n\n<p><\/p>\n\n\n\n<p><\/p>\n\n\n\n<p><\/p>\n\n\n\n<p><\/p>\n","protected":false},"excerpt":{"rendered":"<p>LUCIGNANO &#8211; Orientamento scolastico per l\u2019economia della Valdichiana: focus a Lucignano Quali prospettive per il lavoro dei giovani? Al Teatro Rosini scuola e territorio a confronto Un pomeriggio di confronto serrato sul tema dell\u2019offerta lavorativa in Valdichiana e sui percorsi scolastici pi\u00f9 adeguati per i ragazzi, quello svoltosi ieri, marted\u00ec 15 novembre, al Teatro Rosini [&hellip;]<\/p>\n","protected":false},"author":1,"featured_media":0,"comment_status":"open","ping_status":"open","sticky":false,"template":"","format":"standard","meta":{"_joinchat":[]},"categories":[1],"tags":[],"_links":{"self":[{"href":"https:\/\/www.radioribelle.it\/index.php\/wp-json\/wp\/v2\/posts\/7556"}],"collection":[{"href":"https:\/\/www.radioribelle.it\/index.php\/wp-json\/wp\/v2\/posts"}],"about":[{"href":"https:\/\/www.radioribelle.it\/index.php\/wp-json\/wp\/v2\/types\/post"}],"author":[{"embeddable":true,"href":"https:\/\/www.radioribelle.it\/index.php\/wp-json\/wp\/v2\/users\/1"}],"replies":[{"embeddable":true,"href":"https:\/\/www.radioribelle.it\/index.php\/wp-json\/wp\/v2\/comments?post=7556"}],"version-history":[{"count":3,"href":"https:\/\/www.radioribelle.it\/index.php\/wp-json\/wp\/v2\/posts\/7556\/revisions"}],"predecessor-version":[{"id":7784,"href":"https:\/\/www.radioribelle.it\/index.php\/wp-json\/wp\/v2\/posts\/7556\/revisions\/7784"}],"wp:attachment":[{"href":"https:\/\/www.radioribelle.it\/index.php\/wp-json\/wp\/v2\/media?parent=7556"}],"wp:term":[{"taxonomy":"category","embeddable":true,"href":"https:\/\/www.radioribelle.it\/index.php\/wp-json\/wp\/v2\/categories?post=7556"},{"taxonomy":"post_tag","embeddable":true,"href":"https:\/\/www.radioribelle.it\/index.php\/wp-json\/wp\/v2\/tags?post=7556"}],"curies":[{"name":"wp","href":"https:\/\/api.w.org\/{rel}","templated":true}]}}