{"id":7815,"date":"2022-11-21T16:32:00","date_gmt":"2022-11-21T15:32:00","guid":{"rendered":"https:\/\/www.radioribelle.it\/?p=7815"},"modified":"2022-11-21T15:55:02","modified_gmt":"2022-11-21T14:55:02","slug":"amare-e-unaltra-cosa","status":"publish","type":"post","link":"https:\/\/www.radioribelle.it\/index.php\/2022\/11\/21\/amare-e-unaltra-cosa\/","title":{"rendered":"Amare \u00e8 un\u2019altra cosa&#8221;"},"content":{"rendered":"\n<div class=\"wp-block-image\"><figure class=\"alignleft size-large is-resized\"><img loading=\"lazy\" src=\"https:\/\/www.radioribelle.it\/wp-content\/uploads\/2022\/11\/Amare-e-unaltra-cosa-2021-foto-1-1024x768.jpg\" alt=\"\" class=\"wp-image-7982\" width=\"253\" height=\"190\" srcset=\"https:\/\/www.radioribelle.it\/wp-content\/uploads\/2022\/11\/Amare-e-unaltra-cosa-2021-foto-1-1024x768.jpg 1024w, https:\/\/www.radioribelle.it\/wp-content\/uploads\/2022\/11\/Amare-e-unaltra-cosa-2021-foto-1-300x225.jpg 300w, https:\/\/www.radioribelle.it\/wp-content\/uploads\/2022\/11\/Amare-e-unaltra-cosa-2021-foto-1-768x576.jpg 768w, https:\/\/www.radioribelle.it\/wp-content\/uploads\/2022\/11\/Amare-e-unaltra-cosa-2021-foto-1-619x464.jpg 619w, https:\/\/www.radioribelle.it\/wp-content\/uploads\/2022\/11\/Amare-e-unaltra-cosa-2021-foto-1.jpg 1080w\" sizes=\"(max-width: 253px) 100vw, 253px\" \/><\/figure><\/div>\n\n\n\n<p>AREZZO &#8211;   Dal 25 novembre all\u20198 dicembre 2022\u00a0l\u2019associazione culturale\u00a0Art-Ec\u00f2, in collaborazione con\u00a0Pronto Donna\u00a0e\u00a0Arti\/gi\u00e0\/nato, organizza la terza edizione della mostra collettiva d\u2019arte contemporanea\u00a0<em>\u201cAmare \u00e8 un\u2019altra cosa\u201d<\/em>. L\u2019evento, con il patrocinio di\u00a0CNA Arezzo\u00a0e il patrocinio e contributo del\u00a0Comune di Arezzo\u00a0e dell\u2019Assessorato alle Pari Opportunit\u00e0, si svolger\u00e0 a Palazzo Chianini Vincenzi di via Cesalpino 15, ad Arezzo.<\/p>\n\n\n\n<!--more-->\n\n\n\n<p> Ad Arezzo la terza edizione della collettiva d&#8217;arte che denuncia la violenza di genere. Venerd\u00ec 25 novembre l\u2019inaugurazione a Palazzo Chianini Vincenzi. <strong>Venerd\u00ec 25 novembre 2022, alle ore 17<\/strong>, l\u2019inaugurazione della mostra alla presenza delle autorit\u00e0, nel giorno in cui si celebra la\u00a0<em>\u201cGiornata internazionale per l&#8217;eliminazione della violenza contro le donne\u201d<\/em>. Alle ore 17,30 ci sar\u00e0 la presentazione del libro di\u00a0<strong>Lucrezia Lombardo<\/strong>\u00a0<em>&#8220;Scusate, ma devo andare&#8221;<\/em>\u00a0(Porto Seguro Editore). A seguire un aperitivo per tutti i presenti. La terza edizione di\u00a0<em>\u201cAmare \u00e8 un\u2019altra cosa\u201d<\/em>\u00a0prevede altri due eventi collaterali.Il primo si svolger\u00e0 domenica 27 novembre, alle ore 17, con l\u2019intervento di\u00a0<strong>Loretta Giani<\/strong>, presidente di Pronto Donna, che illustrer\u00e0 le attivit\u00e0 dell\u2019associazione aretina nel contrasto alla violenza di genere. Il secondo si terr\u00e0 gioved\u00ec 8 dicembre, alle ore 16.30, con l\u2019intervento di\u00a0<strong>Alma Maraghini Berni<\/strong>\u00a0sul tema\u00a0<em>\u201cLe donne dimenticate nella storia dell&#8217;arte\u201d<\/em>.Dal luned\u00ec al mercoled\u00ec la mostra sar\u00e0 aperta su appuntamento. Dal gioved\u00ec alla domenica apertura con orario continuato dalle 10 alle 19.<em>\u201cAmare \u00e8 un\u2019altra cosa\u201d<\/em>\u00a0coinvolge 56 artisti provenienti da tutta Italia.\u00a0Le loro opere, eseguite con vari stili e tecniche, hanno come filo conduttore il mondo femminile e la violenza di genere.I pittori devolveranno il 30% del ricavato dall\u2019eventuale vendita a\u00a0<strong>Pronto Donna<\/strong>, associazione di volontariato che opera in rete con altre associazioni e istituzioni per offrire tutela alle donne che subiscono violenze.\u00a0Pronto Donna\u00a0risponde a richieste di aiuto e sostegno da parte di persone in difficolt\u00e0, avvalendosi anche della collaborazione di professioniste quali legali e psicologhe. L\u2019associazione offre inoltre uno spazio dove le donne possono confrontarsi con il problema della violenza e un luogo di ascolto e di sostegno concreto alle loro scelte per costruire un percorso di libert\u00e0.<\/p>\n","protected":false},"excerpt":{"rendered":"<p>AREZZO &#8211; Dal 25 novembre all\u20198 dicembre 2022\u00a0l\u2019associazione culturale\u00a0Art-Ec\u00f2, in collaborazione con\u00a0Pronto Donna\u00a0e\u00a0Arti\/gi\u00e0\/nato, organizza la terza edizione della mostra collettiva d\u2019arte contemporanea\u00a0\u201cAmare \u00e8 un\u2019altra cosa\u201d. L\u2019evento, con il patrocinio di\u00a0CNA Arezzo\u00a0e il patrocinio e contributo del\u00a0Comune di Arezzo\u00a0e dell\u2019Assessorato alle Pari Opportunit\u00e0, si svolger\u00e0 a Palazzo Chianini Vincenzi di via Cesalpino 15, ad Arezzo.<\/p>\n","protected":false},"author":1,"featured_media":0,"comment_status":"open","ping_status":"open","sticky":false,"template":"","format":"standard","meta":{"_joinchat":[]},"categories":[1],"tags":[],"_links":{"self":[{"href":"https:\/\/www.radioribelle.it\/index.php\/wp-json\/wp\/v2\/posts\/7815"}],"collection":[{"href":"https:\/\/www.radioribelle.it\/index.php\/wp-json\/wp\/v2\/posts"}],"about":[{"href":"https:\/\/www.radioribelle.it\/index.php\/wp-json\/wp\/v2\/types\/post"}],"author":[{"embeddable":true,"href":"https:\/\/www.radioribelle.it\/index.php\/wp-json\/wp\/v2\/users\/1"}],"replies":[{"embeddable":true,"href":"https:\/\/www.radioribelle.it\/index.php\/wp-json\/wp\/v2\/comments?post=7815"}],"version-history":[{"count":1,"href":"https:\/\/www.radioribelle.it\/index.php\/wp-json\/wp\/v2\/posts\/7815\/revisions"}],"predecessor-version":[{"id":7983,"href":"https:\/\/www.radioribelle.it\/index.php\/wp-json\/wp\/v2\/posts\/7815\/revisions\/7983"}],"wp:attachment":[{"href":"https:\/\/www.radioribelle.it\/index.php\/wp-json\/wp\/v2\/media?parent=7815"}],"wp:term":[{"taxonomy":"category","embeddable":true,"href":"https:\/\/www.radioribelle.it\/index.php\/wp-json\/wp\/v2\/categories?post=7815"},{"taxonomy":"post_tag","embeddable":true,"href":"https:\/\/www.radioribelle.it\/index.php\/wp-json\/wp\/v2\/tags?post=7815"}],"curies":[{"name":"wp","href":"https:\/\/api.w.org\/{rel}","templated":true}]}}