{"id":7941,"date":"2022-11-20T16:31:00","date_gmt":"2022-11-20T15:31:00","guid":{"rendered":"https:\/\/www.radioribelle.it\/?p=7941"},"modified":"2022-11-21T16:56:11","modified_gmt":"2022-11-21T15:56:11","slug":"bussolin-e-consiglieri-qu3-lega","status":"publish","type":"post","link":"https:\/\/www.radioribelle.it\/index.php\/2022\/11\/20\/bussolin-e-consiglieri-qu3-lega\/","title":{"rendered":"BUSSOLIN e CONSIGLIERI QU3 (LEGA)"},"content":{"rendered":"\n<div class=\"wp-block-image\"><figure class=\"alignright size-full\"><img loading=\"lazy\" width=\"280\" height=\"180\" src=\"https:\/\/www.radioribelle.it\/wp-content\/uploads\/2022\/11\/bassolin.jpg\" alt=\"\" class=\"wp-image-7942\"\/><\/figure><\/div>\n\n\n\n<p><strong>: SU TRAMVIA LINEA 3 IL COMUNE FACCIA CHIAREZZA SU CRONOPROGRAMMA CANTIERI E DISAGI IN ARRIVO. CHE NE SARA&#8217; DELLA LINEA 23? LA PRESIDENTE DEL QU.3 CALENDARIZZI INCONTRI PERIODICI CON LA CITTADINANZA REALMENTE APERTI SENZA \u201cFILTRI\u201d DI PARTITO.<\/strong><\/p>\n\n\n\n<!--more-->\n\n\n\n<p>Dichiarazioni del Capogruppo della Lega in Palazzo Vecchio e segretario cittadino della Lega, Federico Bussolin e del Gruppo Consiliare Quartiere 3 della Lega<br>\u201cL&#8217;incontro organizzato da Confcommercio ha palesemente confermato davanti all&#8217;Assessore Giorgetti tutti i timori dei commercianti che da mesi serpeggiano.\u00a0 Sono i cantieri della linea 3 Piazza della Libert\u00e0 &#8211; Bagno a Ripoli che si portano dietro mille preoccupazioni, il motivo: per ogni Linea tramviaria costruita in citt\u00e0 abbiamo assistito sempre ad una desertificazione del territorio circostante con danni devastanti per negozi limitrofi e disagi per tutti i residenti.\u201d<br>\u201cVisto che non stiamo parlando di qualche settimana di caos ma di problemi senza termini temporali reali \u00e8 normale che come Lega si sottolinei e condivida le preoccupazioni di questa nuova tratta che noi abbiamo sempre ritenuto non consona al territorio. Vi saranno forti disagi alla circolazione che creeranno ancora pi\u00f9 danni ai commercianti ed alle attivit\u00e0 che si trovano nei pressi del percorso aggravando ulteriormente le situazioni di difficolt\u00e0 createsi per effetto delle conseguenze dovute alla crisi pandemica prima e della emergenza energetica poi (caro bollette). Pensiamo innanzitutto alle attivit\u00e0 di viale Giannotti, di viale Europa.\u201d<br>\u201cPensiamo inoltre anche agli abitanti di Sorgane i quali per poter accedere alle poche vie di comunicazione in direzione del centro citt\u00e0 hanno solo due possibili accessi, via del Cimitero oppure via Roma, ma per entrambe si creer\u00e0 una strozzatura che gi\u00e0 di fatto esiste per questo sarebbe opportuno prevedere dei bussini\/navette per gli studenti\/ lavoratori che dovranno prendere il bus in piazza Rodolico. Che fine far\u00e0 la linea 23 poi Assessore Giorgetti?\u201d<br>\u201cInoltre nessuno si dimentichi che verranno persi numerosi posti auto lungo tutto il percorso.\u00a0 Per questo e per quanto detto sopra, vigileremo sul rispetto dei tempi e sull\u2019andamento dei lavori e chiederemo alla Presidente del Quartiere 3, che dispone della delega sui lavori per la tramvia, di riferirci sull\u2019andamento\/stato dei lavori. Sar\u00e0 utile e opportuno pertanto organizzare incontri con tecnici\/assessori aperti a tutta la cittadinanza e non solo gli iscritti a certe parti politiche come successo l\u2019assemblea del 6 aprile 2022 al circolo delle Vie Nuove. Chiederemo quindi l\u2019istituzione di un \u201ctavolo\u201d apposito.\u201d<br> Lega Salvini Premier FIRENZE<\/p>\n","protected":false},"excerpt":{"rendered":"<p>: SU TRAMVIA LINEA 3 IL COMUNE FACCIA CHIAREZZA SU CRONOPROGRAMMA CANTIERI E DISAGI IN ARRIVO. CHE NE SARA&#8217; DELLA LINEA 23? LA PRESIDENTE DEL QU.3 CALENDARIZZI INCONTRI PERIODICI CON LA CITTADINANZA REALMENTE APERTI SENZA \u201cFILTRI\u201d DI PARTITO.<\/p>\n","protected":false},"author":1,"featured_media":0,"comment_status":"open","ping_status":"open","sticky":false,"template":"","format":"standard","meta":{"_joinchat":[]},"categories":[1],"tags":[],"_links":{"self":[{"href":"https:\/\/www.radioribelle.it\/index.php\/wp-json\/wp\/v2\/posts\/7941"}],"collection":[{"href":"https:\/\/www.radioribelle.it\/index.php\/wp-json\/wp\/v2\/posts"}],"about":[{"href":"https:\/\/www.radioribelle.it\/index.php\/wp-json\/wp\/v2\/types\/post"}],"author":[{"embeddable":true,"href":"https:\/\/www.radioribelle.it\/index.php\/wp-json\/wp\/v2\/users\/1"}],"replies":[{"embeddable":true,"href":"https:\/\/www.radioribelle.it\/index.php\/wp-json\/wp\/v2\/comments?post=7941"}],"version-history":[{"count":1,"href":"https:\/\/www.radioribelle.it\/index.php\/wp-json\/wp\/v2\/posts\/7941\/revisions"}],"predecessor-version":[{"id":7943,"href":"https:\/\/www.radioribelle.it\/index.php\/wp-json\/wp\/v2\/posts\/7941\/revisions\/7943"}],"wp:attachment":[{"href":"https:\/\/www.radioribelle.it\/index.php\/wp-json\/wp\/v2\/media?parent=7941"}],"wp:term":[{"taxonomy":"category","embeddable":true,"href":"https:\/\/www.radioribelle.it\/index.php\/wp-json\/wp\/v2\/categories?post=7941"},{"taxonomy":"post_tag","embeddable":true,"href":"https:\/\/www.radioribelle.it\/index.php\/wp-json\/wp\/v2\/tags?post=7941"}],"curies":[{"name":"wp","href":"https:\/\/api.w.org\/{rel}","templated":true}]}}