{"id":7951,"date":"2022-11-22T09:26:00","date_gmt":"2022-11-22T08:26:00","guid":{"rendered":"https:\/\/www.radioribelle.it\/?p=7951"},"modified":"2022-11-21T12:26:51","modified_gmt":"2022-11-21T11:26:51","slug":"bussolin-monaco-e-tani-lega-3","status":"publish","type":"post","link":"https:\/\/www.radioribelle.it\/index.php\/2022\/11\/22\/bussolin-monaco-e-tani-lega-3\/","title":{"rendered":"BUSSOLIN, MONACO e TANI (LEGA)"},"content":{"rendered":"\n<div class=\"wp-block-image\"><figure class=\"alignleft size-full is-resized\"><img loading=\"lazy\" src=\"https:\/\/www.radioribelle.it\/wp-content\/uploads\/2022\/11\/lega-1.png\" alt=\"\" class=\"wp-image-7952\" width=\"119\" height=\"119\" srcset=\"https:\/\/www.radioribelle.it\/wp-content\/uploads\/2022\/11\/lega-1.png 225w, https:\/\/www.radioribelle.it\/wp-content\/uploads\/2022\/11\/lega-1-150x150.png 150w\" sizes=\"(max-width: 119px) 100vw, 119px\" \/><\/figure><\/div>\n\n\n\n<p>IL SINDACO NARDELLA SENZA SOTTERFUGI TECNICO-URBANISTICI, DECIDA SULLA MOSCHEA. LA LEGA VUOLE RISPOSTE. IN DIFESA DEI RESIDENTI PRONTI AD ORGANIZZARE UN PRESIDIO IN P.ZZA DEI CIOMPI.<\/p>\n\n\n\n<!--more-->\n\n\n\n<p>Dichiarazioni dei Consiglieri Comunali del Gruppo Lega in Palazzo Vecchio M\u201cSono giorni che il Sindaco Nardella e la sua Giunta giocano \u201ca nascondino\u201d sul tema della Moschea e dello sfratto dei locali di Piazza Dei Ciompi. Hanno avuto un anno e mezzo per trovare soluzioni serie e non improvvisate, ma hanno preferito non dare risposte alla Comunit\u00e0 Islamica locale per meri equilibri politici interni alla propria maggioranza. Adesso si viene a sapere da articoli di stampa che si potrebbe arrivare a nuovi tecnicismi urbanistici per favorire nuovi luoghi di culto, si dice decisioni maturate dopo era Covid. Finiamola con queste chiacchiere! L&#8217;Amministrazione la smetta di vivacchiare su questo serio tema.\u201d<br>\u201cCome Lega a differenza di questa Giunta abbiamo idee chiarissime. NO a scelte improvvisate per una nuova Moschea in citt\u00e0, NO ad alcun favoritismo alla Comunit\u00e0 Islamica, che gi\u00e0 si \u00e8 permessa di respingere 2 volte l&#8217;accesso dell&#8217;Ufficiale Giudiziario per lo sfratto! Quale famiglia fiorentina sotto sfratto ad oggi avrebbe goduto di tali vantaggi?\u201d<br>\u201cLa Lega sin d&#8217;ora annuncia che \u00e8 sua intenzione organizzare un presidio in piazza dei Ciompi a Firenze affinch\u00e8 le regole siano uguali per tutti, in difesa dei residenti e dei commercianti. Vogliamo ricordare che il fondo in discussione in pzza dei Ciompi non \u00e8 destinato a luogo di culto. La societ\u00e0, proprietaria del fondo sopracitato, nei giorni scorsi alla stampa aveva sottolineato di aver &#8220;agito a suo tempo con l&#8217;intimazione di sfratto per morosit\u00e0 nei confronti dell&#8217;Associazione Comunit\u00e0 Islamica ed il tribunale di Firenze, nel pieno rispetto del contraddittorio, ha ritualmente convalidato lo sfratto all&#8217;udienza del 3 giugno 2021, fissando contestualmente la data del rilascio dell&#8217;immobile per il 30 luglio 2021. Il Comune conosce bene la vicenda, la finisca di scappare dalle proprie responsabilit\u00e0. Decida. Adesso.\u201d<\/p>\n\n\n\n<p> Lega Salvini Premier FIRENZE<\/p>\n","protected":false},"excerpt":{"rendered":"<p>IL SINDACO NARDELLA SENZA SOTTERFUGI TECNICO-URBANISTICI, DECIDA SULLA MOSCHEA. LA LEGA VUOLE RISPOSTE. IN DIFESA DEI RESIDENTI PRONTI AD ORGANIZZARE UN PRESIDIO IN P.ZZA DEI CIOMPI.<\/p>\n","protected":false},"author":1,"featured_media":0,"comment_status":"open","ping_status":"open","sticky":false,"template":"","format":"standard","meta":{"_joinchat":[]},"categories":[1],"tags":[],"_links":{"self":[{"href":"https:\/\/www.radioribelle.it\/index.php\/wp-json\/wp\/v2\/posts\/7951"}],"collection":[{"href":"https:\/\/www.radioribelle.it\/index.php\/wp-json\/wp\/v2\/posts"}],"about":[{"href":"https:\/\/www.radioribelle.it\/index.php\/wp-json\/wp\/v2\/types\/post"}],"author":[{"embeddable":true,"href":"https:\/\/www.radioribelle.it\/index.php\/wp-json\/wp\/v2\/users\/1"}],"replies":[{"embeddable":true,"href":"https:\/\/www.radioribelle.it\/index.php\/wp-json\/wp\/v2\/comments?post=7951"}],"version-history":[{"count":1,"href":"https:\/\/www.radioribelle.it\/index.php\/wp-json\/wp\/v2\/posts\/7951\/revisions"}],"predecessor-version":[{"id":7953,"href":"https:\/\/www.radioribelle.it\/index.php\/wp-json\/wp\/v2\/posts\/7951\/revisions\/7953"}],"wp:attachment":[{"href":"https:\/\/www.radioribelle.it\/index.php\/wp-json\/wp\/v2\/media?parent=7951"}],"wp:term":[{"taxonomy":"category","embeddable":true,"href":"https:\/\/www.radioribelle.it\/index.php\/wp-json\/wp\/v2\/categories?post=7951"},{"taxonomy":"post_tag","embeddable":true,"href":"https:\/\/www.radioribelle.it\/index.php\/wp-json\/wp\/v2\/tags?post=7951"}],"curies":[{"name":"wp","href":"https:\/\/api.w.org\/{rel}","templated":true}]}}