{"id":8102,"date":"2022-12-02T16:02:00","date_gmt":"2022-12-02T15:02:00","guid":{"rendered":"https:\/\/www.radioribelle.it\/?p=8102"},"modified":"2022-12-03T19:40:38","modified_gmt":"2022-12-03T18:40:38","slug":"santa-barbara-patrona-dei-minatori","status":"publish","type":"post","link":"https:\/\/www.radioribelle.it\/index.php\/2022\/12\/02\/santa-barbara-patrona-dei-minatori\/","title":{"rendered":"Santa Barbara, patrona dei minatori"},"content":{"rendered":"\n<div class=\"wp-block-image\"><figure class=\"alignleft size-full\"><img loading=\"lazy\" width=\"275\" height=\"183\" src=\"https:\/\/www.radioribelle.it\/wp-content\/uploads\/2022\/11\/barbara.jpg\" alt=\"\" class=\"wp-image-8103\"\/><\/figure><\/div>\n\n\n\n<p><strong>Santa Barbara<\/strong>\u00a0\u00e8 una martire cristiana. Il luogo e l\u2019epoca in cui \u00e8 vissuta, a causa delle numerose leggende sorte intorno al suo nome, non sono chiaramente identificabili, ma il suo culto \u00e8 attestato presso le comunit\u00e0 cristiane d\u2019Oriente e Occidente sin dal VI-VII secolo e conobbe una grande popolarit\u00e0 nel Medioevo grazie alla\u00a0<em>Legenda Aurea<\/em>; <\/p>\n\n\n\n<!--more-->\n\n\n\n<p>rimossa dal calendario romano generale nel 1969 a causa dei dubbi sulla sua storicit\u00e0, rimane una santa molto popolare grazie al numero dei suoi patronati (vigili del fuoco, marina militare, artificieri, artiglieri, genieri, minatori, architetti, ecc.) (fonte wikipedia). Santa Barbara \u00e8 da sempre venerata dagli uomini di miniera e il 4 dicembre \u00e8 sempre stato giorno di festa anche nei tempi pi\u00f9 bui. Alla Santa sono per questo dedicate la maggior parte delle chiese di miniera e nelle stesse oggi verranno celebrate speciali funzioni religiose.<\/p>\n","protected":false},"excerpt":{"rendered":"<p>Santa Barbara\u00a0\u00e8 una martire cristiana. Il luogo e l\u2019epoca in cui \u00e8 vissuta, a causa delle numerose leggende sorte intorno al suo nome, non sono chiaramente identificabili, ma il suo culto \u00e8 attestato presso le comunit\u00e0 cristiane d\u2019Oriente e Occidente sin dal VI-VII secolo e conobbe una grande popolarit\u00e0 nel Medioevo grazie alla\u00a0Legenda Aurea;<\/p>\n","protected":false},"author":1,"featured_media":0,"comment_status":"open","ping_status":"open","sticky":false,"template":"","format":"standard","meta":{"_joinchat":[]},"categories":[1],"tags":[],"_links":{"self":[{"href":"https:\/\/www.radioribelle.it\/index.php\/wp-json\/wp\/v2\/posts\/8102"}],"collection":[{"href":"https:\/\/www.radioribelle.it\/index.php\/wp-json\/wp\/v2\/posts"}],"about":[{"href":"https:\/\/www.radioribelle.it\/index.php\/wp-json\/wp\/v2\/types\/post"}],"author":[{"embeddable":true,"href":"https:\/\/www.radioribelle.it\/index.php\/wp-json\/wp\/v2\/users\/1"}],"replies":[{"embeddable":true,"href":"https:\/\/www.radioribelle.it\/index.php\/wp-json\/wp\/v2\/comments?post=8102"}],"version-history":[{"count":1,"href":"https:\/\/www.radioribelle.it\/index.php\/wp-json\/wp\/v2\/posts\/8102\/revisions"}],"predecessor-version":[{"id":8104,"href":"https:\/\/www.radioribelle.it\/index.php\/wp-json\/wp\/v2\/posts\/8102\/revisions\/8104"}],"wp:attachment":[{"href":"https:\/\/www.radioribelle.it\/index.php\/wp-json\/wp\/v2\/media?parent=8102"}],"wp:term":[{"taxonomy":"category","embeddable":true,"href":"https:\/\/www.radioribelle.it\/index.php\/wp-json\/wp\/v2\/categories?post=8102"},{"taxonomy":"post_tag","embeddable":true,"href":"https:\/\/www.radioribelle.it\/index.php\/wp-json\/wp\/v2\/tags?post=8102"}],"curies":[{"name":"wp","href":"https:\/\/api.w.org\/{rel}","templated":true}]}}