{"id":857,"date":"2022-05-22T08:06:00","date_gmt":"2022-05-22T06:06:00","guid":{"rendered":"https:\/\/www.radioribelle.it\/?p=857"},"modified":"2022-05-21T12:35:02","modified_gmt":"2022-05-21T10:35:02","slug":"metapontino-ugl-materanon-si-infanghi-il-territorio","status":"publish","type":"post","link":"https:\/\/www.radioribelle.it\/index.php\/2022\/05\/22\/metapontino-ugl-materanon-si-infanghi-il-territorio\/","title":{"rendered":"Metapontino, Ugl Matera:\u201dNon si infanghi il territorio\u201d"},"content":{"rendered":"\n<div class=\"wp-block-image\"><figure class=\"alignright size-full is-resized\"><img loading=\"lazy\" src=\"https:\/\/www.radioribelle.it\/wp-content\/uploads\/2022\/05\/Ugl_logo.png\" alt=\"\" class=\"wp-image-854\" width=\"193\" height=\"188\" srcset=\"https:\/\/www.radioribelle.it\/wp-content\/uploads\/2022\/05\/Ugl_logo.png 650w, https:\/\/www.radioribelle.it\/wp-content\/uploads\/2022\/05\/Ugl_logo-300x293.png 300w, https:\/\/www.radioribelle.it\/wp-content\/uploads\/2022\/05\/Ugl_logo-619x604.png 619w\" sizes=\"(max-width: 193px) 100vw, 193px\" \/><\/figure><\/div>\n\n\n\n<p>Matera &#8211; \u201cGli episodi di Scanzano Ionico con gli incendi di due lidi turbano la quiete pubblica, augurandoci che si sia trattato di incidenti casuali. Se cos\u00ec non fosse, tutti insieme dobbiamo far rinascere il sentimento di\u00a0solidariet\u00e0\u00a0e impegno sociale per contrastare ogni forma di illegalit\u00e0. Mai e poi mai far crescere il pensiero di farsi giustizia da soli, potrebbe sfociare in episodi di violenza,\u00a0magari armata, che andrebbero a trasformare i nostri paesi in veri e propri Bronx.<\/p>\n\n\n\n<!--more-->\n\n\n\n<p> I cittadini non devono assolutamente sostituirsi alle\u00a0forze dell\u2019ordine. E\u2019 necessario mantenere alta l\u2019attenzione anche perch\u00e9 questi fatti, se non fossero incidenti, rischiano di infangare l\u2019immagine territoriale del metapontino, di Scanzano Jonico (MT), composto da gente per bene, lavoratori, pensionati, aziende che producono prodotti e servizi di alta qualit\u00e0 e creano occupazione\u201d.\u00a0 \u00a0<\/p>\n\n\n\n<p>E\u2019 il commento dell\u2019Ugl di Matera dove, \u201cSicurezza\u00a0e legalit\u00e0 sono due valori imprescindibili che vanno tutelati e che sono la vera spinta verso un\u2019economia\u00a0sana che offrono i nostri paesi del metapontino. L\u2019Ugl \u2013 dice Pino Giordano &#8211; \u00e8 stata sempre a sostegno della\u00a0solidariet\u00e0, schierata contro ogni forma di criminalit\u00e0, impegnata nella diffusione della legalit\u00e0, con la radicata consapevolezza dei diritti e doveri, applicati non solo al mondo del\u00a0lavoro. Il problema v\u00e0 affrontato, ad oggi Scanzano non pu\u00f2 ancora stare senza un presidio di\u00a0Forze dell\u2019Ordine\u00a0sempre state sensibili alle problematiche della\u00a0sicurezza, anche a quelle legate a particolari flussi, come quello turistico estivo che, nella provincia di Matera e soprattutto lungo la fascia costiera, caratterizzata da una consolidata tradizione di villeggiatura, porta ad un\u2019autentica crescita esponenziale della popolazione ed assume una valenza di\u00a0primo piano. Quanto accaduto a Scanzano, potrebbero essere episodi molto gravi e inquietanti che colpiscono ancora una volta la\u00a0sicurezza\u00a0e la serenit\u00e0 dei cittadini e degli operatori economici del Metapontino. Necessit\u00e0 da subito istituire un presidio permanente di\u00a0sicurezza\u00a0anche con l\u2019apertura di una caserma dei Carabinieri, considerato che nel comune di Scanzano, dopo il trasferimento del Commissariato di Polizia di Stato a Policoro, non \u00e8 rimasto alcun presidio delle\u00a0forze dell\u2019ordine. Intensificare i controlli delle\u00a0forze dell\u2019ordine\u00a0a Scanzano Jonico e in tutto il Metapontino non pu\u00f2 pi\u00f9 essere la \u2018solita\u2019 richiesta dopo il \u2018solito\u2019 episodio di criminalit\u00e0, se cos\u00ec fosse appurato. Per l\u2019Ugl \u2013 conclude il sindacalista Giordano \u2013 \u00e8 giunto il momento di passare dalle sollecitazioni e dagli auspici ai fatti reiterando che v\u00e0 portato rispetto agli abitanti di tutto il territorio ionico\/metapontino senza infangare i nostri paesi alla vigilia della stagione estiva dove il turista deve venire, sapendo che nel materano \u00e8 sempre il ben venuto e pu\u00f2 godersi la vacanza in Santa Pace\u201d.<\/p>\n","protected":false},"excerpt":{"rendered":"<p>Matera &#8211; \u201cGli episodi di Scanzano Ionico con gli incendi di due lidi turbano la quiete pubblica, augurandoci che si sia trattato di incidenti casuali. Se cos\u00ec non fosse, tutti insieme dobbiamo far rinascere il sentimento di\u00a0solidariet\u00e0\u00a0e impegno sociale per contrastare ogni forma di illegalit\u00e0. Mai e poi mai far crescere il pensiero di farsi [&hellip;]<\/p>\n","protected":false},"author":1,"featured_media":0,"comment_status":"open","ping_status":"open","sticky":false,"template":"","format":"standard","meta":{"_joinchat":[]},"categories":[1],"tags":[],"_links":{"self":[{"href":"https:\/\/www.radioribelle.it\/index.php\/wp-json\/wp\/v2\/posts\/857"}],"collection":[{"href":"https:\/\/www.radioribelle.it\/index.php\/wp-json\/wp\/v2\/posts"}],"about":[{"href":"https:\/\/www.radioribelle.it\/index.php\/wp-json\/wp\/v2\/types\/post"}],"author":[{"embeddable":true,"href":"https:\/\/www.radioribelle.it\/index.php\/wp-json\/wp\/v2\/users\/1"}],"replies":[{"embeddable":true,"href":"https:\/\/www.radioribelle.it\/index.php\/wp-json\/wp\/v2\/comments?post=857"}],"version-history":[{"count":1,"href":"https:\/\/www.radioribelle.it\/index.php\/wp-json\/wp\/v2\/posts\/857\/revisions"}],"predecessor-version":[{"id":858,"href":"https:\/\/www.radioribelle.it\/index.php\/wp-json\/wp\/v2\/posts\/857\/revisions\/858"}],"wp:attachment":[{"href":"https:\/\/www.radioribelle.it\/index.php\/wp-json\/wp\/v2\/media?parent=857"}],"wp:term":[{"taxonomy":"category","embeddable":true,"href":"https:\/\/www.radioribelle.it\/index.php\/wp-json\/wp\/v2\/categories?post=857"},{"taxonomy":"post_tag","embeddable":true,"href":"https:\/\/www.radioribelle.it\/index.php\/wp-json\/wp\/v2\/tags?post=857"}],"curies":[{"name":"wp","href":"https:\/\/api.w.org\/{rel}","templated":true}]}}