{"id":8902,"date":"2022-12-15T15:07:34","date_gmt":"2022-12-15T14:07:34","guid":{"rendered":"https:\/\/www.radioribelle.it\/?p=8902"},"modified":"2022-12-15T15:07:35","modified_gmt":"2022-12-15T14:07:35","slug":"pepe-golia","status":"publish","type":"post","link":"https:\/\/www.radioribelle.it\/index.php\/2022\/12\/15\/pepe-golia\/","title":{"rendered":"&#8220;Pepe &#038; Golia"},"content":{"rendered":"\n<div class=\"wp-block-image\"><figure class=\"alignright size-full is-resized\"><img loading=\"lazy\" src=\"https:\/\/www.radioribelle.it\/wp-content\/uploads\/2022\/12\/copertina-Pepe-Golia.png\" alt=\"\" class=\"wp-image-8903\" width=\"111\" height=\"161\" srcset=\"https:\/\/www.radioribelle.it\/wp-content\/uploads\/2022\/12\/copertina-Pepe-Golia.png 350w, https:\/\/www.radioribelle.it\/wp-content\/uploads\/2022\/12\/copertina-Pepe-Golia-207x300.png 207w\" sizes=\"(max-width: 111px) 100vw, 111px\" \/><\/figure><\/div>\n\n\n\n<p class=\"has-text-align-left\">AREZZO \u2013 Storia di un\u2019antipatia di pelo!&#8221;. La scrittrice aretina Francesca Martinelli pubblica una divertente storia per grandi e bambini  L\u2019autrice aretina\u00a0Francesca Martinelli\u00a0esce in libreria con\u00a0<em>\u201cPepe &amp; Golia. Storia di un\u2019antipatia di pelo\u201d<\/em>\u00a0(Edizioni Helicon), un breve volume corredato da disegni, dedicato a tutti i bambini che amano gli animali e a tutti gli adulti che con un amico a quattro zampe tornano bambini.<\/p>\n\n\n\n<!--more-->\n\n\n\n<p><em>\u201cLitigate sempre! Siete come cane e gatto!\u201d<\/em>&nbsp;\u00e8 una frase che ci sentiamo dire fin dall\u2019infanzia. Siete proprio sicuri che due animali cos\u00ec diversi tra loro non possano andare d\u2019accordo?<\/p>\n\n\n\n<p>Provano a sciogliere il quesito\u00a0Pepe, una gatta nera dispettosa e irascibile, e\u00a0<strong>Golia<\/strong>, un boxer tigrato dal carattere allegro e giocherellone, che improvvisamente si ritrovano a dover condividere la stessa casa. Riusciranno i due nuovi compagni a superare le loro differenze e a trasformare la proverbiale \u201cantipatia di pelo\u201d in amicizia? Lo scoprirete solo leggendo questo divertente libro, che insegna i valori della tolleranza e del rispetto. \u00a0 Francesca Martinelli\u00a0lavora da oltre venti anni nel sociale, per alcuni anni con i bambini e per molti di pi\u00f9 con i disabili. Da sempre amante degli animali, crede che a loro manchi solo la parola ed \u00e8 per questo che ha provato a dargliela attraverso la sua scrittura. Ha gi\u00e0 pubblicato\u00a0<em>\u201cOtto. Storia di un cane e delle sue ansie\u201d<\/em>\u00a0per Giovanelli Edizioni, che ha ottenuto la segnalazione della giuria al 47\u00b0 Premio Letterario Casentino ed \u00e8 risultato vincitore al nono concorso\u00a0<em>\u201cGli unici veri amici: gli animali\u201d<\/em>.<\/p>\n","protected":false},"excerpt":{"rendered":"<p>AREZZO \u2013 Storia di un\u2019antipatia di pelo!&#8221;. La scrittrice aretina Francesca Martinelli pubblica una divertente storia per grandi e bambini L\u2019autrice aretina\u00a0Francesca Martinelli\u00a0esce in libreria con\u00a0\u201cPepe &amp; Golia. Storia di un\u2019antipatia di pelo\u201d\u00a0(Edizioni Helicon), un breve volume corredato da disegni, dedicato a tutti i bambini che amano gli animali e a tutti gli adulti che [&hellip;]<\/p>\n","protected":false},"author":1,"featured_media":0,"comment_status":"open","ping_status":"open","sticky":false,"template":"","format":"standard","meta":{"_joinchat":[]},"categories":[1],"tags":[],"_links":{"self":[{"href":"https:\/\/www.radioribelle.it\/index.php\/wp-json\/wp\/v2\/posts\/8902"}],"collection":[{"href":"https:\/\/www.radioribelle.it\/index.php\/wp-json\/wp\/v2\/posts"}],"about":[{"href":"https:\/\/www.radioribelle.it\/index.php\/wp-json\/wp\/v2\/types\/post"}],"author":[{"embeddable":true,"href":"https:\/\/www.radioribelle.it\/index.php\/wp-json\/wp\/v2\/users\/1"}],"replies":[{"embeddable":true,"href":"https:\/\/www.radioribelle.it\/index.php\/wp-json\/wp\/v2\/comments?post=8902"}],"version-history":[{"count":1,"href":"https:\/\/www.radioribelle.it\/index.php\/wp-json\/wp\/v2\/posts\/8902\/revisions"}],"predecessor-version":[{"id":8904,"href":"https:\/\/www.radioribelle.it\/index.php\/wp-json\/wp\/v2\/posts\/8902\/revisions\/8904"}],"wp:attachment":[{"href":"https:\/\/www.radioribelle.it\/index.php\/wp-json\/wp\/v2\/media?parent=8902"}],"wp:term":[{"taxonomy":"category","embeddable":true,"href":"https:\/\/www.radioribelle.it\/index.php\/wp-json\/wp\/v2\/categories?post=8902"},{"taxonomy":"post_tag","embeddable":true,"href":"https:\/\/www.radioribelle.it\/index.php\/wp-json\/wp\/v2\/tags?post=8902"}],"curies":[{"name":"wp","href":"https:\/\/api.w.org\/{rel}","templated":true}]}}