{"id":9156,"date":"2022-12-26T16:38:00","date_gmt":"2022-12-26T15:38:00","guid":{"rendered":"https:\/\/www.radioribelle.it\/?p=9156"},"modified":"2022-12-28T08:24:18","modified_gmt":"2022-12-28T07:24:18","slug":"arezzo-le-interrogazioni-in-consiglio-comunale","status":"publish","type":"post","link":"https:\/\/www.radioribelle.it\/index.php\/2022\/12\/26\/arezzo-le-interrogazioni-in-consiglio-comunale\/","title":{"rendered":"Arezzo: le interrogazioni in Consiglio Comunale"},"content":{"rendered":"\n<div class=\"wp-block-image\"><figure class=\"alignleft size-large is-resized\"><img loading=\"lazy\" src=\"https:\/\/www.radioribelle.it\/wp-content\/uploads\/2022\/12\/consiglio-comunale_1280x724-1024x579.jpg\" alt=\"\" class=\"wp-image-9157\" width=\"390\" height=\"219\"\/><\/figure><\/div>\n\n\n\n<p>La prima interrogazione \u00e8 stata presentata dal consigliere comunale Michele Menchetti e ha riguardato il bando per l\u0092edilizia residenziale pubblica e l\u0092assegnazione degli alloggi. \u0093Il bando \u00e8 discriminatorio per chi non ha una lunga residenza nel territorio aretino visto che \u00e8 previsto di modulare rispetto alla residenza anagrafica e alla durata degli anni lavorativi i punti da assegnare ai richiedenti, che diventano variabili a seconda della suddetta storicit\u00e0.<\/p>\n\n\n\n<!--more-->\n\n\n\n<p> Sono cos\u00ec avvantaggiati coloro che vivono ad Arezzo da pi\u00f9 anni senza prendere in considerazione lo stato di effettivo bisogno. La casa insieme all\u0092alimentazione \u00e8 l\u0092impellenza principale della vita umana. L\u0092illegittimit\u00e0 del bando potrebbe essere fonte di danno erariale o produrre sentenze giurisprudenziali contrarie\u0094. L\u0092assessore Monica Manneschi ha rilevato come il bando sia coerente con la legge regionale toscana attuale. \u0093Non \u00e8 nostra intenzione e non rientra nelle nostre possibilit\u00e0 revocarlo perch\u00e9 non possiamo decidere sui requisiti previsti da una normativa gerarchicamente superiore o interpretarli in senso arbitrario\u0094. Ancora Michele Menchetti ha portato all\u0092attenzione dell\u0092aula la vaccinazione anti-Covid sui minori di et\u00e0 compresa tra i 6 mesi e i 5 anni, \u0093pratica auspicata recentemente da un noto pediatria. Tale vaccinazione per queste categorie di bambini \u00e8 stata sospesa in molti paesi del mondo per vari motivi: inefficacia, reazioni avverse se non addirittura effetti molto pericolosi. Chiedo al vicesindaco se ritiene opportuno prendere le pubbliche distanze da queste parole che incitano a una vaccinazione di massa per soggetti vulnerabili senza conoscere le conseguenze su di loro\u0094.<\/p>\n\n\n\n<p>Il vicesindaco Lucia Tanti: \u0093non ritengo opportuno prendere le distanze da queste parole. Continuo a essere favorevole al vaccino e sono altres\u00ec certa, tra scienza e fantascienza, di preferire sempre la prima\u0094.<\/p>\n\n\n\n<p>Alessandro Caneschi: \u0093sono passati 50 giorni dal nuovo orario di accensione e spegnimento dei lampioni e in queste settimane si sono succedute polemiche e sono nate questioni legate anche al rapporto tra amministrazione comunale e concessionario. I risparmi ventilati dall\u0092operazione sono in capo alla prima o al secondo? Per eseguire le modifiche alla temporizzazione degli impianti, il Comune ha dovuto sostenere spese al di l\u00e0 di quanto previsto dal contratto di servizio? E lo stesso rischia di accadere dopo il dietrofront della giunta? Quanto tempo ancora deve passare per il ripristino totale degli impianti alla situazione antecedente e dunque mettere fine ai disagi sofferti dai cittadini? Mi pare di poter dire che occorre \u0091fare luce\u0092 sulla vicenda\u0094. Anche Valentina Sileno ha sottolineato come ci siano dei punti sui quali necessitano chiarimenti, \u0093in merito ai risparmi effettivi di cui il Comune beneficia, in merito a quanto sia il rischio economico in capo al partner privato, in merito al tempo necessario per ritornare alla situazione di prima visto che gli accordi contrattuali con il concessionario prevedano che l\u0092arco temporale per i ripristini sia compreso fra le 3 e le 48 ore mentre sono gi\u00e0 trascorsi vari giorni\u0094. L\u0092assessore Marco Sacchetti: \u0093si sta creando su questo intervento una narrazione che non so dove possa portare, per cui cerco di fare chiarezza una volta per tutte. Innanzitutto ritengo sacrosanto il principio sotteso alla scelta e lo difendo ancora, visto che nasce dal contesto storico in cui ci troviamo e ci troveremo. Ecco allora che abbiamo pensato a una soluzione analoga a quella di moltissime altre amministrazioni in Italia. \u00c8 innegabile che ogni forma di restrizione, rispetto alla comfort zone in cui viviamo, crei disagi e di segnalazioni ne abbiamo ricevute decidendo cos\u00ec di rimodulare i tempi di accensione e spegnimento. Considerando che il maggiore disagio si registrava di sera, abbiamo ridotto da un\u0092ora a 20 minuti il posticipo dell\u0092accensione. A questo punto \u00e8 intervenuta la narrazione fantasiosa sui risparmi a favore del concessionario e altre allusioni. Il Comune paga a quest\u0092ultimo, per contratto, un canone trimestrale articolato su tre voci la cui principale \u00e8 costituita proprio dal costo dell\u0092energia. Come si fa dunque a pensare, nel momento in cui si verifica una triplicazione dei costi energetici, che tutto ricada in capo al concessionario? Una volta ritenuto di dover tornare alle condizioni ex ante, il concessionario ha cominciato a ripristinare i quadri che sono molti, esattamente 316. Questo lavoro \u00e8 terminato ed \u00e8 durato alcuni giorni e ricordo che il contratto di servizio, mentre prevede tempistiche di intervento su fattispecie ben precise, non lo fa per questa. Rivendico la validit\u00e0 dell\u0092approccio che ci ha guidato, ovvero che in certi frangenti occorre fare anche un passo indietro negli stili di vita. Ed era questo per noi il punto dirimente, molto pi\u00f9 dei risparmi che avremmo registrato che, per la cronaca, corrispondono a 150.000 euro l\u0092anno per ogni ora di mancato funzionamento della pubblica illuminazione\u0094. Francesco Romizi ha ricordato che la sicurezza a Saione \u00e8 stata cavalcata in ogni occasione dal centrodestra \u0093fin dai tempi delle amministrazione Fanfani, quando gli attacchi si sprecavano anche per una bottiglia per terra. Il sindaco Ghinelli, dal 2016, dice invece di essere una vittima del sistema che procede dal governo centrale. La Lega a sua volta a Saione ha portato ministri, parlamentari, presidenti di regione. Ebbene, in quel quartiere, le problematiche legate alla sicurezza non sono sparite ma aumentate. Operazioni di polizia possono avere conseguenze nel breve termine. Quali progetti di inclusione sociale sono stati promossi in quel quartiere per far fronte a disagio e delinquenza? Quale impatto hanno avuto, se ci sono stati? Quante risorse economiche sono state investite, quali iniziative promosse, quale collaborazione si \u00e8 instaurata con la Asl per rispondere a problemi come la tossicodipendenza? Perch\u00e9 il chiosco a Campo di Marte \u00e8 abbandonato da pi\u00f9 di 7 anni\u0094? Il vicesindaco Lucia Tanti: \u0093se governiamo da 7 anni, significa, per lo meno, che a un certo punto si \u00e8 tenuta un\u0092elezione in cui i primi 5 sono stati giudicati convincenti. Non sono d\u0092accordo che ci sia un rapporto relazionale tra disagio e delinquenza, molto persone vivono nel disagio e non per questo delinquono. Il primo si combatte con progetti specifici ed entriamo nei particolari di questi ultimi: abbiamo messo insieme 410.000 euro reperendoli da capitoli di spesa riconducibili pi\u00f9 tipicamente al sociale e da quelli riconducibili alle deleghe di Federico Scapecchi. Abbiamo un programma biennale che si chiama \u0093Giovani protagonisti\u0094 che tiene insieme un numero elevato di associazioni nei locali di via Masaccio. In questi ultimi, annuncio, troveranno sede i 6 nuovi assistenti sociali, a dimostrare che i servizi si diffondono e si uniscono. Su questa figura professionale cos\u00ec importante per la coesione, ricordo che grazie a questa amministrazione siamo arrivati a contarne 20, uno ogni 5.000 abitanti, la media che ci soddisfa e che \u00e8 funzionale a una citt\u00e0 come Arezzo. Poi ci sono i patti educativi di comunit\u00e0 proposti da Oxfam e in parte gi\u00e0 partiti in due istituti comprensivi ma che vogliamo estendere a tutti i plessi scolastici e l\u0092accordo tra Fondazione Arezzo Comunit\u00e0, Fondazione Monnalisa e Universit\u00e0 di Siena per il doposcuola. Saione non \u00e8 pi\u00f9 quello che abbiamo ereditato proprio perch\u00e9 lo abbiamo considerato una priorit\u00e0\u0094.Giovanni Donati ha rilevato come l\u0092abbellimento delle rotatorie cittadine durante il periodo natalizio sia limitato ad alcune mentre altre non vengono prese in considerazione. \u0093Come avviene la scelta\u0094? L\u0092assessore Alessandro Casi ha ricordato come \u0093negli anni ci sia stato un progressivo ampliamento delle zone coinvolte dagli addobbi: siamo partiti con Campo di Marte, poi \u00e8 toccato a via Vittorio Veneto, quest\u0092anno sono subentrate via Montefalco e la chiesa dei santi Lorentino e Pergentino. Confidiamo che il prossimo anno tocchi a via Romana\u0094. Donato Caporali ha chiesto chiarimenti sulla modifica alle modalit\u00e0 di raccolta dei rifiuti, con il porta a porta che dal 9 gennaio scatter\u00e0 anche per l\u0092organico nelle zone nord, ovest e sud. \u0093Ci sono state serate informative dove i cittadini hanno manifestato le loro perplessit\u00e0. \u00c8 tutto confermato? Come verrete incontro alle critiche sollevate, riferite soprattutto ai tempi dilatati per l\u0092organico che rischia di non essere raccolto alcuni giorni\u0094? L\u0092assessore Marco Sacchetti: \u0093il ciclo dei rifiuti \u00e8 un servizio in concessione e di conseguenza dobbiamo parlare, dal 2014, di un concessionario. Quest\u0092ultimo fino al 2018 ha prodotto risultati discutibili, in tempi pi\u00f9 recenti la situazione \u00e8 cambiata grazie all\u0092ingresso nella sua compagine sociale di un socio industriale. Dopo di che \u00e8 subentrato il metodo Arera e la reazione del gestore stesso \u00e8 stata di presentare un piano economico-finanziario che prevede il pareggio di bilancio in modo tale da azzerare le perdite che, altrimenti, ricadrebbero sulla tariffa con conseguenti aumenti della Tari. In questo piano di riorganizzazione, vidimato e valido per tutto l\u0092ambito Toscana sud, \u00e8 prevista l\u0092implementazione del porta a porta, mantra caro all\u0092opposizione e recitato spesso come panacea. Bene, ora il porta a porta c\u0092\u00e8. Non si tratta di una scelta del Comune e questo non perch\u00e9 non vorremmo incidere ma perch\u00e9 potere decisionale e tecnologia sono in capo al concessionario. L\u0092amministrazione comunale \u00e8 un mero esattore, al pi\u00f9 con compiti di vigilanza sui comportamenti eventualmente da sanzionare. Ricordo infine che ogni novit\u00e0 porta con s\u00e9 la necessit\u00e0 di rivedere le abitudini\u0094.<\/p>\n","protected":false},"excerpt":{"rendered":"<p>La prima interrogazione \u00e8 stata presentata dal consigliere comunale Michele Menchetti e ha riguardato il bando per l\u0092edilizia residenziale pubblica e l\u0092assegnazione degli alloggi. \u0093Il bando \u00e8 discriminatorio per chi non ha una lunga residenza nel territorio aretino visto che \u00e8 previsto di modulare rispetto alla residenza anagrafica e alla durata degli anni lavorativi i [&hellip;]<\/p>\n","protected":false},"author":1,"featured_media":0,"comment_status":"open","ping_status":"open","sticky":false,"template":"","format":"standard","meta":{"_joinchat":[]},"categories":[1],"tags":[],"_links":{"self":[{"href":"https:\/\/www.radioribelle.it\/index.php\/wp-json\/wp\/v2\/posts\/9156"}],"collection":[{"href":"https:\/\/www.radioribelle.it\/index.php\/wp-json\/wp\/v2\/posts"}],"about":[{"href":"https:\/\/www.radioribelle.it\/index.php\/wp-json\/wp\/v2\/types\/post"}],"author":[{"embeddable":true,"href":"https:\/\/www.radioribelle.it\/index.php\/wp-json\/wp\/v2\/users\/1"}],"replies":[{"embeddable":true,"href":"https:\/\/www.radioribelle.it\/index.php\/wp-json\/wp\/v2\/comments?post=9156"}],"version-history":[{"count":2,"href":"https:\/\/www.radioribelle.it\/index.php\/wp-json\/wp\/v2\/posts\/9156\/revisions"}],"predecessor-version":[{"id":9236,"href":"https:\/\/www.radioribelle.it\/index.php\/wp-json\/wp\/v2\/posts\/9156\/revisions\/9236"}],"wp:attachment":[{"href":"https:\/\/www.radioribelle.it\/index.php\/wp-json\/wp\/v2\/media?parent=9156"}],"wp:term":[{"taxonomy":"category","embeddable":true,"href":"https:\/\/www.radioribelle.it\/index.php\/wp-json\/wp\/v2\/categories?post=9156"},{"taxonomy":"post_tag","embeddable":true,"href":"https:\/\/www.radioribelle.it\/index.php\/wp-json\/wp\/v2\/tags?post=9156"}],"curies":[{"name":"wp","href":"https:\/\/api.w.org\/{rel}","templated":true}]}}