{"id":9419,"date":"2023-01-02T12:25:51","date_gmt":"2023-01-02T11:25:51","guid":{"rendered":"https:\/\/www.radioribelle.it\/?p=9419"},"modified":"2023-01-02T12:25:52","modified_gmt":"2023-01-02T11:25:52","slug":"citta-di-castello-pasquella-2023","status":"publish","type":"post","link":"https:\/\/www.radioribelle.it\/index.php\/2023\/01\/02\/citta-di-castello-pasquella-2023\/","title":{"rendered":"Citta&#8217; di Castello: Pasquella 2023"},"content":{"rendered":"\n<div class=\"wp-block-image\"><figure class=\"alignright size-full\"><img loading=\"lazy\" width=\"300\" height=\"168\" src=\"https:\/\/www.radioribelle.it\/wp-content\/uploads\/2023\/01\/image-02-01-23-08-12.jpeg\" alt=\"\" class=\"wp-image-9420\"\/><\/figure><\/div>\n\n\n\n<p>Si comunica che nel pomeriggio di\u00a0<u>GIOVED\u00cc 05 GENNAIO p.v., dalle ore 15:30circa<\/u>, si svolger\u00e0, per le vie e le piazze del centro storico cittadino ed immediate adiacenze, la tradizionale \u201dPasquella\u201d, organizzata ogni anno dalla Societ\u00e0 Rionale Mattonata, che consiste in canti e suoni popolari eseguiti da un gruppo di \u201cstornellatori\u201d ambulanti. <\/p>\n\n\n\n<!--more-->\n\n\n\n<p>E\u2019 una tradizione che la Societ\u00e0 Rionale, unica in citt\u00e0, rinnova e mette in atto da moltissimi anni per festeggiare la prima \u201cPasqua\u201d dell\u2019anno.\u00a0Il nome della tradizione deriva dall&#8217;espressione &#8220;Pasqua Epifania&#8221;, poich\u00e9 secondo l&#8217;usanza tutte le pi\u00f9 importanti festivit\u00e0 venivano abitualmente definite &#8220;Pasqua&#8221;.\u00a0Come consuetudine, il ricavato dell\u2019iniziativa sar\u00e0 devoluto a opere di beneficenza e solidariet\u00e0 sociale.\u00a0Grazie per la collaborazione.\u00a0Cordiali saluti.\u00a0\u00a0<\/p>\n\n\n\n<p>Il Presidentedella Societ\u00e0 Rionale MattonataDino Braganti\u00a0<\/p>\n","protected":false},"excerpt":{"rendered":"<p>Si comunica che nel pomeriggio di\u00a0GIOVED\u00cc 05 GENNAIO p.v., dalle ore 15:30circa, si svolger\u00e0, per le vie e le piazze del centro storico cittadino ed immediate adiacenze, la tradizionale \u201dPasquella\u201d, organizzata ogni anno dalla Societ\u00e0 Rionale Mattonata, che consiste in canti e suoni popolari eseguiti da un gruppo di \u201cstornellatori\u201d ambulanti.<\/p>\n","protected":false},"author":1,"featured_media":0,"comment_status":"open","ping_status":"open","sticky":false,"template":"","format":"standard","meta":{"_joinchat":[]},"categories":[1],"tags":[],"_links":{"self":[{"href":"https:\/\/www.radioribelle.it\/index.php\/wp-json\/wp\/v2\/posts\/9419"}],"collection":[{"href":"https:\/\/www.radioribelle.it\/index.php\/wp-json\/wp\/v2\/posts"}],"about":[{"href":"https:\/\/www.radioribelle.it\/index.php\/wp-json\/wp\/v2\/types\/post"}],"author":[{"embeddable":true,"href":"https:\/\/www.radioribelle.it\/index.php\/wp-json\/wp\/v2\/users\/1"}],"replies":[{"embeddable":true,"href":"https:\/\/www.radioribelle.it\/index.php\/wp-json\/wp\/v2\/comments?post=9419"}],"version-history":[{"count":1,"href":"https:\/\/www.radioribelle.it\/index.php\/wp-json\/wp\/v2\/posts\/9419\/revisions"}],"predecessor-version":[{"id":9421,"href":"https:\/\/www.radioribelle.it\/index.php\/wp-json\/wp\/v2\/posts\/9419\/revisions\/9421"}],"wp:attachment":[{"href":"https:\/\/www.radioribelle.it\/index.php\/wp-json\/wp\/v2\/media?parent=9419"}],"wp:term":[{"taxonomy":"category","embeddable":true,"href":"https:\/\/www.radioribelle.it\/index.php\/wp-json\/wp\/v2\/categories?post=9419"},{"taxonomy":"post_tag","embeddable":true,"href":"https:\/\/www.radioribelle.it\/index.php\/wp-json\/wp\/v2\/tags?post=9419"}],"curies":[{"name":"wp","href":"https:\/\/api.w.org\/{rel}","templated":true}]}}