{"id":9425,"date":"2023-01-03T12:44:00","date_gmt":"2023-01-03T11:44:00","guid":{"rendered":"https:\/\/www.radioribelle.it\/?p=9425"},"modified":"2023-01-02T20:00:24","modified_gmt":"2023-01-02T19:00:24","slug":"i-manoscritti-non-bruciano","status":"publish","type":"post","link":"https:\/\/www.radioribelle.it\/index.php\/2023\/01\/03\/i-manoscritti-non-bruciano\/","title":{"rendered":"I manoscritti non bruciano\u00a0"},"content":{"rendered":"\n<div class=\"wp-block-image\"><figure class=\"alignright size-full is-resized\"><img loading=\"lazy\" src=\"https:\/\/www.radioribelle.it\/wp-content\/uploads\/2023\/01\/1_IMNB_Facchin.jpeg\" alt=\"\" class=\"wp-image-9426\" width=\"141\" height=\"188\"\/><\/figure><\/div>\n\n\n\n<p>Una coproduzione 2022 Teatro Macondo | C.A.P.I. Consorzio Altre Produzioni Indipendenti e Teatro di Anghiari Testo e regia &#8211; Alessandra Chieli Con la collaborazione e il supporto dell\u2019Istituto di Cultura e Lingua Russa di Roma Con il supporto del Festival dello Spettatore 2022 \u2013 Arezzo<\/p>\n\n\n\n<!--more-->\n\n\n\n<p>Il 10 e l\u201911 gennaio 2023 Il Teatro Tor Bella Monaca ospita il debutto romano dello spettacolo scritto e diretto dalla giovane e poliedrica Alessandra Chieli.\u00a0 <em>I manoscritti non bruciano<\/em> \u00e8 frutto di un lungo lavoro di ricerca e indagine intorno a \u201cIl Maestro e Margherita\u201d di M. A. Bulgakov da cui nasce la consapevolezza che il romanzo contenga in s\u00e9 tutte le sfide del contemporaneo: <em>quanto pu\u00f2 costare la ricerca del proprio ruolo nella societ\u00e0<\/em>?\u00a0 Dall\u2019interrogarsi di Bulgakov sul confine tra il bene e il male, sulla possibilit\u00e0 di immaginare un mondo senza ombre si dipana la chiave di ricerca dell\u2019opera: quali ombre e luci si nascondono dietro fatti, parole e persone?\u00a0 L\u2019opera \u00e8 un grande concerto, in cui gli ambienti, a partire dalla citt\u00e0, sono indiscussi protagonisti. Un gioco in cui elettronica, musica classica, rock, voci, sospiri, rumoristica ed effetti dialogano fra loro andando a colorare la scena di significati altri e di rimandi interni.<em>I manoscritti non bruciano<\/em> \u00e8 una pi\u00e8ce corale in cui gli attori, destrutturando l\u2019andamento originale del testo, ci conducono in un labirinto rarefatto, passandosi il testimone per trasportarci di situazione in situazione, avanti e indietro nel tempo. Sono corpi, voci, ombre al chiaro di luna, sono reali o ricordi, agiscono insieme, si intrecciano, si aiutano, sono in scena tutti al servizio di tutti.<br>Al lavoro attoriale sempre in divenire si affianca l\u2019impeccabile studio sulla luce, intesa come parte integrante della scrittura scenica.\u00a0 In continuo dialogo con corpi e suono, la luce diventa materia, discorso, sostanza solida e significante, capace di apportare quelle trasformazioni che producono la drammaturgia di uno spettacolo. Ombre e proiezioni dipingono scenari e stati d\u2019animo, rimandando a quel mondo onirico e inquietante cos\u00ec tanto presente nel romanzo. Altro focus \u00e8 quello sul suono, inteso come creatore di scene, come musica interiore dei personaggi, del loro pensiero, il ritmo del loro vivere.\u00a0<\/p>\n\n\n\n<p><em>\u00a0\u201cGli infiniti piani raccontanti da Bulgakov sono tradotti con una drammaturgia che si sviluppa su vari livelli, che si distacca dall\u2019idea di riduzione dell\u2019opera, che la tradisce, lasciandomi guidare e ispirare dalle possibilit\u00e0 e le sorprese che lo spazio scenico e il lavoro attoriale concedono. Mi interessava raccontare\u00a0la vilt\u00e0 del potere, le contraddizioni, le relazioni e le fragilit\u00e0 umane in una dimensione onirica\u00a0in cui\u00a0abbandonarsi. Restituire la variet\u00e0 e lo spirito labirintico della scrittura di Bulgakov in un contrasto continuo di luci e ombre in cui immergerci in primis come attori. Mettere tutto\u00a0per poi\u00a0togliere\u00a0e\u00a0tenere l\u2019essenziale.\u00a0Cos\u00ec \u00e8 iniziata la nostra ricerca, con poche parole fondamentali, fotografie e quadri, musiche e rumori, un tulle e tempo per sperimentare.\u201d\u00a0&#8211;\u00a0Alessandra Chiel<\/em>i Lo spettacolo ha debuttato il 30 settembre al Teatro Verdi di Monte San Savino all&#8217;interno della Rete Teatrale Aretina &#8211; Festival dello Spettatore, successivamente \u00e8 stato presentato all\u2019interno della rassegna di arte, teatro e musica Epigraph\u00e8 di Citt\u00e0 di Castello.\u00a0<\/p>\n\n\n\n<p>I manoscritti non bruciano\u00a0 marted\u00ec 10 e mercoled\u00ec 11 gennaio ore 21\u00a0<\/p>\n\n\n\n<p>Teatro Tor Bella monaca Via Bruno Cirino, angolo viale Duilio Cambellotti con via di Tor Bella Monaca\u00a0 &#8211; Roma<\/p>\n\n\n\n<p>Una coproduzione 2022 Teatro Macondo | C.A.P.I. Consorzio Altre Produzioni Indipendenti e Teatro di Anghiari<\/p>\n\n\n\n<p>Con la collaborazione e il supporto dell\u2019Istituto di Cultura e Lingua Russa di Roma<\/p>\n\n\n\n<p>Con il supporto del Festival dello Spettatore 2022 \u2013 Arezzo<\/p>\n","protected":false},"excerpt":{"rendered":"<p>Una coproduzione 2022 Teatro Macondo | C.A.P.I. Consorzio Altre Produzioni Indipendenti e Teatro di Anghiari Testo e regia &#8211; Alessandra Chieli Con la collaborazione e il supporto dell\u2019Istituto di Cultura e Lingua Russa di Roma Con il supporto del Festival dello Spettatore 2022 \u2013 Arezzo<\/p>\n","protected":false},"author":1,"featured_media":0,"comment_status":"open","ping_status":"open","sticky":false,"template":"","format":"standard","meta":{"_joinchat":[]},"categories":[1],"tags":[],"_links":{"self":[{"href":"https:\/\/www.radioribelle.it\/index.php\/wp-json\/wp\/v2\/posts\/9425"}],"collection":[{"href":"https:\/\/www.radioribelle.it\/index.php\/wp-json\/wp\/v2\/posts"}],"about":[{"href":"https:\/\/www.radioribelle.it\/index.php\/wp-json\/wp\/v2\/types\/post"}],"author":[{"embeddable":true,"href":"https:\/\/www.radioribelle.it\/index.php\/wp-json\/wp\/v2\/users\/1"}],"replies":[{"embeddable":true,"href":"https:\/\/www.radioribelle.it\/index.php\/wp-json\/wp\/v2\/comments?post=9425"}],"version-history":[{"count":1,"href":"https:\/\/www.radioribelle.it\/index.php\/wp-json\/wp\/v2\/posts\/9425\/revisions"}],"predecessor-version":[{"id":9427,"href":"https:\/\/www.radioribelle.it\/index.php\/wp-json\/wp\/v2\/posts\/9425\/revisions\/9427"}],"wp:attachment":[{"href":"https:\/\/www.radioribelle.it\/index.php\/wp-json\/wp\/v2\/media?parent=9425"}],"wp:term":[{"taxonomy":"category","embeddable":true,"href":"https:\/\/www.radioribelle.it\/index.php\/wp-json\/wp\/v2\/categories?post=9425"},{"taxonomy":"post_tag","embeddable":true,"href":"https:\/\/www.radioribelle.it\/index.php\/wp-json\/wp\/v2\/tags?post=9425"}],"curies":[{"name":"wp","href":"https:\/\/api.w.org\/{rel}","templated":true}]}}